{"id":12966,"date":"2021-04-06T13:27:54","date_gmt":"2021-04-06T11:27:54","guid":{"rendered":"https:\/\/www.movacolor.com\/ceo-moi-cua-movacolor\/"},"modified":"2024-01-17T12:44:32","modified_gmt":"2024-01-17T10:44:32","slug":"ceo-moi-cua-movacolor","status":"publish","type":"post","link":"https:\/\/www.movacolor.com\/vi\/tin-tuc\/new-ceo-at-movacolor\/","title":{"rendered":"CEO m\u1edbi c\u1ee7a Movacolor"},"content":{"rendered":"<p>Gerhard Dersjant ti\u1ebfp t\u1ee5c: \u201cMarc Aandweg, 46 tu\u1ed5i, c\u00f3 th\u00e0nh t\u00edch \u0111\u00e3 \u0111\u01b0\u1ee3c ch\u1ee9ng minh l\u00e0 ng\u01b0\u1eddi l\u00e3nh \u0111\u1ea1o ti\u1ebfp th\u1ecb v\u00e0 b\u00e1n h\u00e0ng qu\u1ed1c t\u1ebf t\u1ea1i nhi\u1ec1u c\u00f4ng ty k\u1ef9 thu\u1eadt kh\u00e1c nhau ho\u1ea1t \u0111\u1ed9ng tr\u00ean to\u00e0n th\u1ebf gi\u1edbi. Trong qu\u00e1 tr\u00ecnh l\u00e0m vi\u1ec7c c\u1ee7a m\u00ecnh, \u00f4ng \u0111\u00e3 t\u00edch l\u0169y \u0111\u01b0\u1ee3c kinh nghi\u1ec7m v\u1ec1 qu\u1ea3n l\u00fd kh\u00e1ch h\u00e0ng quan tr\u1ecdng qu\u1ed1c t\u1ebf, qu\u1ea3n l\u00fd s\u1ea3n ph\u1ea9m, ti\u1ebfp th\u1ecb &amp; truy\u1ec1n th\u00f4ng doanh nghi\u1ec7p c\u0169ng nh\u01b0 chi\u1ebfn l\u01b0\u1ee3c ti\u1ebfp c\u1eadn th\u1ecb tr\u01b0\u1eddng cho danh m\u1ee5c s\u1ea3n ph\u1ea9m c\u00f4ng ngh\u1ec7 cao. B\u00ed quy\u1ebft v\u00e0 chuy\u00ean m\u00f4n c\u1ee7a \u00f4ng s\u1ebd gi\u00fap Movacolor ti\u1ebfp t\u1ee5c t\u0103ng tr\u01b0\u1edfng v\u00e0 ph\u00e1t tri\u1ec3n. \u0110\u00e3 d\u00e0nh th\u1eddi gian cho Marc h\u01a1n 4 th\u00e1ng qua, t\u00f4i tin t\u01b0\u1edfng r\u1eb1ng Marc l\u00e0 ng\u01b0\u1eddi ph\u00f9 h\u1ee3p v\u1edbi Movacolor v\u00e0 anh \u1ea5y s\u1ebd nh\u1eadn \u0111\u01b0\u1ee3c s\u1ef1 h\u1ed7 tr\u1ee3 h\u1ebft m\u00ecnh c\u1ee7a t\u00f4i trong qu\u00e1 tr\u00ecnh chuy\u1ec3n \u0111\u1ed5i\u201d<\/p>\n<p>Marc Aandweg cho bi\u1ebft th\u00eam: \u201cT\u00f4i r\u1ea5t vui m\u1eebng \u0111\u01b0\u1ee3c gia nh\u1eadp gia \u0111\u00ecnh Movacolor sau 13 n\u0103m l\u00e3nh \u0111\u1ea1o t\u1eeb Gerhard. T\u00f4i mu\u1ed1n c\u1ea3m \u01a1n anh \u1ea5y v\u00ec nh\u1eefng \u0111\u00f3ng g\u00f3p to l\u1edbn v\u00e0 \u0111\u00e3 \u0111\u1eb7t n\u1ec1n m\u00f3ng cho Movacolor nh\u01b0 ng\u00e0y nay &#8211; c\u00f4ng ty d\u1eabn \u0111\u1ea7u to\u00e0n c\u1ea7u trong th\u1ebf gi\u1edbi \u0111\u1ecbnh l\u01b0\u1ee3ng. T\u00f4i mong \u0111\u01b0\u1ee3c l\u00e0m vi\u1ec7c v\u1edbi b\u1ea1n v\u00e0 t\u1ea5t c\u1ea3 nh\u1eefng con ng\u01b0\u1eddi t\u00e0i n\u0103ng \u1edf Movacolor khi ch\u00fang ta c\u00f9ng nhau h\u01b0\u1edbng Movacolor t\u1edbi t\u01b0\u01a1ng lai\u201d.<\/p>\n<p>Gerhard Dersjant s\u1ebd h\u1ed7 tr\u1ee3 Marc Aandeweg trong qu\u00e1 tr\u00ecnh chuy\u1ec3n \u0111\u1ed5i sang kinh doanh Movacolor. Trong vai tr\u00f2 t\u01b0\u01a1ng lai c\u1ee7a m\u00ecnh, Gerhard s\u1ebd v\u1eabn g\u1eafn b\u00f3 v\u1edbi Movacolor v\u00e0 s\u1ebd tr\u1edf th\u00e0nh th\u00e0nh vi\u00ean Ban gi\u00e1m s\u00e1t Movacolor.<\/p>\n","protected":false},"excerpt":{"rendered":"<p>M\u1ed9t s\u1ef1 thay \u0111\u1ed5i l\u00e3nh \u0111\u1ea1o \u0111\u00e3 di\u1ec5n ra trong Movacolor. Gerhard Dersjant, c\u1ef1u CEO Movacolor: \u201cSau 13 n\u0103m t\u01b0\u01a1i \u0111\u1eb9p tr\u00ean c\u01b0\u01a1ng v\u1ecb CEO, t\u00f4i quy\u1ebft \u0111\u1ecbnh l\u00f9i l\u1ea1i m\u1ed9t b\u01b0\u1edbc. \u0110\u00e3 \u0111\u1ebfn l\u00fac ph\u1ea3i c\u00f3 ng\u01b0\u1eddi kh\u00e1c d\u1eabn d\u1eaft Movacolor b\u01b0\u1edbc v\u00e0o giai \u0111o\u1ea1n ti\u1ebfp theo. T\u00f4i vui m\u1eebng th\u00f4ng b\u00e1o v\u1edbi b\u1ea1n r\u1eb1ng Marc Aandeweg \u0111\u00e3 b\u1eaft \u0111\u1ea7u l\u00e0m Gi\u00e1m \u0111\u1ed1c \u0111i\u1ec1u h\u00e0nh m\u1edbi c\u1ee7a Movacolor v\u00e0o ng\u00e0y 1 th\u00e1ng 4.\u201d<\/p>\n","protected":false},"author":8,"featured_media":12967,"comment_status":"closed","ping_status":"closed","sticky":false,"template":"","format":"standard","meta":{"_acf_changed":false,"footnotes":""},"categories":[830],"tags":[],"class_list":["post-12966","post","type-post","status-publish","format-standard","has-post-thumbnail","hentry","category-tin-tuc"],"acf":[],"yoast_head":"<!-- This site is optimized with the Yoast SEO plugin v26.4 - https:\/\/yoast.com\/wordpress\/plugins\/seo\/ -->\n<title>CEO m\u1edbi c\u1ee7a Movacolor - Movacolor<\/title>\n<meta name=\"robots\" content=\"index, follow, max-snippet:-1, max-image-preview:large, max-video-preview:-1\" \/>\n<link rel=\"canonical\" href=\"https:\/\/www.movacolor.com\/vi\/tin-tuc\/new-ceo-at-movacolor\/\" \/>\n<meta property=\"og:locale\" content=\"vi_VN\" \/>\n<meta property=\"og:type\" content=\"article\" \/>\n<meta property=\"og:title\" content=\"CEO m\u1edbi c\u1ee7a Movacolor - Movacolor\" \/>\n<meta property=\"og:description\" content=\"M\u1ed9t s\u1ef1 thay \u0111\u1ed5i l\u00e3nh \u0111\u1ea1o \u0111\u00e3 di\u1ec5n ra trong Movacolor. Gerhard Dersjant, c\u1ef1u CEO Movacolor: \u201cSau 13 n\u0103m t\u01b0\u01a1i \u0111\u1eb9p tr\u00ean c\u01b0\u01a1ng v\u1ecb CEO, t\u00f4i quy\u1ebft \u0111\u1ecbnh l\u00f9i l\u1ea1i m\u1ed9t b\u01b0\u1edbc. \u0110\u00e3 \u0111\u1ebfn l\u00fac ph\u1ea3i c\u00f3 ng\u01b0\u1eddi kh\u00e1c d\u1eabn d\u1eaft Movacolor b\u01b0\u1edbc v\u00e0o giai \u0111o\u1ea1n ti\u1ebfp theo. T\u00f4i vui m\u1eebng th\u00f4ng b\u00e1o v\u1edbi b\u1ea1n r\u1eb1ng Marc Aandeweg \u0111\u00e3 b\u1eaft \u0111\u1ea7u l\u00e0m Gi\u00e1m \u0111\u1ed1c \u0111i\u1ec1u h\u00e0nh m\u1edbi c\u1ee7a Movacolor v\u00e0o ng\u00e0y 1 th\u00e1ng 4.\u201d\" \/>\n<meta property=\"og:url\" content=\"https:\/\/www.movacolor.com\/vi\/tin-tuc\/new-ceo-at-movacolor\/\" \/>\n<meta property=\"og:site_name\" content=\"Movacolor\" \/>\n<meta property=\"article:published_time\" content=\"2021-04-06T11:27:54+00:00\" \/>\n<meta property=\"article:modified_time\" content=\"2024-01-17T10:44:32+00:00\" \/>\n<meta property=\"og:image\" content=\"https:\/\/www.movacolor.com\/wp-content\/uploads\/2023\/02\/Marc-Aandeweg-en-Gerhard-Dersjant-590x380-1.jpg\" \/>\n\t<meta property=\"og:image:width\" content=\"590\" \/>\n\t<meta property=\"og:image:height\" content=\"380\" \/>\n\t<meta property=\"og:image:type\" content=\"image\/jpeg\" \/>\n<meta name=\"author\" content=\"Christiaan Visser\" \/>\n<meta name=\"twitter:card\" content=\"summary_large_image\" \/>\n<meta name=\"twitter:label1\" content=\"Written by\" \/>\n\t<meta name=\"twitter:data1\" content=\"Christiaan Visser\" \/>\n\t<meta name=\"twitter:label2\" content=\"Est. reading time\" \/>\n\t<meta name=\"twitter:data2\" content=\"2 minutes\" \/>\n<script type=\"application\/ld+json\" class=\"yoast-schema-graph\">{\"@context\":\"https:\/\/schema.org\",\"@graph\":[{\"@type\":\"WebPage\",\"@id\":\"https:\/\/www.movacolor.com\/vi\/tin-tuc\/new-ceo-at-movacolor\/\",\"url\":\"https:\/\/www.movacolor.com\/vi\/tin-tuc\/new-ceo-at-movacolor\/\",\"name\":\"CEO m\u1edbi c\u1ee7a Movacolor - Movacolor\",\"isPartOf\":{\"@id\":\"https:\/\/www.movacolor.com\/vi\/#website\"},\"primaryImageOfPage\":{\"@id\":\"https:\/\/www.movacolor.com\/vi\/tin-tuc\/new-ceo-at-movacolor\/#primaryimage\"},\"image\":{\"@id\":\"https:\/\/www.movacolor.com\/vi\/tin-tuc\/new-ceo-at-movacolor\/#primaryimage\"},\"thumbnailUrl\":\"https:\/\/www.movacolor.com\/wp-content\/uploads\/2023\/02\/Marc-Aandeweg-en-Gerhard-Dersjant-590x380-1.jpg\",\"datePublished\":\"2021-04-06T11:27:54+00:00\",\"dateModified\":\"2024-01-17T10:44:32+00:00\",\"author\":{\"@id\":\"https:\/\/www.movacolor.com\/vi\/#\/schema\/person\/a686bfe8e713ddd6df992689808e5ca9\"},\"breadcrumb\":{\"@id\":\"https:\/\/www.movacolor.com\/vi\/tin-tuc\/new-ceo-at-movacolor\/#breadcrumb\"},\"inLanguage\":\"vi-VN\",\"potentialAction\":[{\"@type\":\"ReadAction\",\"target\":[\"https:\/\/www.movacolor.com\/vi\/tin-tuc\/new-ceo-at-movacolor\/\"]}]},{\"@type\":\"ImageObject\",\"inLanguage\":\"vi-VN\",\"@id\":\"https:\/\/www.movacolor.com\/vi\/tin-tuc\/new-ceo-at-movacolor\/#primaryimage\",\"url\":\"https:\/\/www.movacolor.com\/wp-content\/uploads\/2023\/02\/Marc-Aandeweg-en-Gerhard-Dersjant-590x380-1.jpg\",\"contentUrl\":\"https:\/\/www.movacolor.com\/wp-content\/uploads\/2023\/02\/Marc-Aandeweg-en-Gerhard-Dersjant-590x380-1.jpg\",\"width\":590,\"height\":380},{\"@type\":\"BreadcrumbList\",\"@id\":\"https:\/\/www.movacolor.com\/vi\/tin-tuc\/new-ceo-at-movacolor\/#breadcrumb\",\"itemListElement\":[{\"@type\":\"ListItem\",\"position\":1,\"name\":\"Home\",\"item\":\"https:\/\/www.movacolor.com\/vi\/\"},{\"@type\":\"ListItem\",\"position\":2,\"name\":\"CEO m\u1edbi c\u1ee7a Movacolor\"}]},{\"@type\":\"WebSite\",\"@id\":\"https:\/\/www.movacolor.com\/vi\/#website\",\"url\":\"https:\/\/www.movacolor.com\/vi\/\",\"name\":\"Movacolor\",\"description\":\"modular dosing solutions\",\"potentialAction\":[{\"@type\":\"SearchAction\",\"target\":{\"@type\":\"EntryPoint\",\"urlTemplate\":\"https:\/\/www.movacolor.com\/vi\/?s={search_term_string}\"},\"query-input\":{\"@type\":\"PropertyValueSpecification\",\"valueRequired\":true,\"valueName\":\"search_term_string\"}}],\"inLanguage\":\"vi-VN\"},{\"@type\":\"Person\",\"@id\":\"https:\/\/www.movacolor.com\/vi\/#\/schema\/person\/a686bfe8e713ddd6df992689808e5ca9\",\"name\":\"Christiaan Visser\",\"image\":{\"@type\":\"ImageObject\",\"inLanguage\":\"vi-VN\",\"@id\":\"https:\/\/www.movacolor.com\/vi\/#\/schema\/person\/image\/\",\"url\":\"https:\/\/secure.gravatar.com\/avatar\/eb8a04893cb1d1651fd200f006a7ee21ca996c3ab74de6e2f4d8ded887f27a84?s=96&d=mm&r=g\",\"contentUrl\":\"https:\/\/secure.gravatar.com\/avatar\/eb8a04893cb1d1651fd200f006a7ee21ca996c3ab74de6e2f4d8ded887f27a84?s=96&d=mm&r=g\",\"caption\":\"Christiaan Visser\"},\"sameAs\":[\"http:\/\/snakeware.nl\"]}]}<\/script>\n<!-- \/ Yoast SEO plugin. -->","yoast_head_json":{"title":"CEO m\u1edbi c\u1ee7a Movacolor - Movacolor","robots":{"index":"index","follow":"follow","max-snippet":"max-snippet:-1","max-image-preview":"max-image-preview:large","max-video-preview":"max-video-preview:-1"},"canonical":"https:\/\/www.movacolor.com\/vi\/tin-tuc\/new-ceo-at-movacolor\/","og_locale":"vi_VN","og_type":"article","og_title":"CEO m\u1edbi c\u1ee7a Movacolor - Movacolor","og_description":"M\u1ed9t s\u1ef1 thay \u0111\u1ed5i l\u00e3nh \u0111\u1ea1o \u0111\u00e3 di\u1ec5n ra trong Movacolor. Gerhard Dersjant, c\u1ef1u CEO Movacolor: \u201cSau 13 n\u0103m t\u01b0\u01a1i \u0111\u1eb9p tr\u00ean c\u01b0\u01a1ng v\u1ecb CEO, t\u00f4i quy\u1ebft \u0111\u1ecbnh l\u00f9i l\u1ea1i m\u1ed9t b\u01b0\u1edbc. \u0110\u00e3 \u0111\u1ebfn l\u00fac ph\u1ea3i c\u00f3 ng\u01b0\u1eddi kh\u00e1c d\u1eabn d\u1eaft Movacolor b\u01b0\u1edbc v\u00e0o giai \u0111o\u1ea1n ti\u1ebfp theo. T\u00f4i vui m\u1eebng th\u00f4ng b\u00e1o v\u1edbi b\u1ea1n r\u1eb1ng Marc Aandeweg \u0111\u00e3 b\u1eaft \u0111\u1ea7u l\u00e0m Gi\u00e1m \u0111\u1ed1c \u0111i\u1ec1u h\u00e0nh m\u1edbi c\u1ee7a Movacolor v\u00e0o ng\u00e0y 1 th\u00e1ng 4.\u201d","og_url":"https:\/\/www.movacolor.com\/vi\/tin-tuc\/new-ceo-at-movacolor\/","og_site_name":"Movacolor","article_published_time":"2021-04-06T11:27:54+00:00","article_modified_time":"2024-01-17T10:44:32+00:00","og_image":[{"width":590,"height":380,"url":"https:\/\/www.movacolor.com\/wp-content\/uploads\/2023\/02\/Marc-Aandeweg-en-Gerhard-Dersjant-590x380-1.jpg","type":"image\/jpeg"}],"author":"Christiaan Visser","twitter_card":"summary_large_image","twitter_misc":{"Written by":"Christiaan Visser","Est. reading time":"2 minutes"},"schema":{"@context":"https:\/\/schema.org","@graph":[{"@type":"WebPage","@id":"https:\/\/www.movacolor.com\/vi\/tin-tuc\/new-ceo-at-movacolor\/","url":"https:\/\/www.movacolor.com\/vi\/tin-tuc\/new-ceo-at-movacolor\/","name":"CEO m\u1edbi c\u1ee7a Movacolor - Movacolor","isPartOf":{"@id":"https:\/\/www.movacolor.com\/vi\/#website"},"primaryImageOfPage":{"@id":"https:\/\/www.movacolor.com\/vi\/tin-tuc\/new-ceo-at-movacolor\/#primaryimage"},"image":{"@id":"https:\/\/www.movacolor.com\/vi\/tin-tuc\/new-ceo-at-movacolor\/#primaryimage"},"thumbnailUrl":"https:\/\/www.movacolor.com\/wp-content\/uploads\/2023\/02\/Marc-Aandeweg-en-Gerhard-Dersjant-590x380-1.jpg","datePublished":"2021-04-06T11:27:54+00:00","dateModified":"2024-01-17T10:44:32+00:00","author":{"@id":"https:\/\/www.movacolor.com\/vi\/#\/schema\/person\/a686bfe8e713ddd6df992689808e5ca9"},"breadcrumb":{"@id":"https:\/\/www.movacolor.com\/vi\/tin-tuc\/new-ceo-at-movacolor\/#breadcrumb"},"inLanguage":"vi-VN","potentialAction":[{"@type":"ReadAction","target":["https:\/\/www.movacolor.com\/vi\/tin-tuc\/new-ceo-at-movacolor\/"]}]},{"@type":"ImageObject","inLanguage":"vi-VN","@id":"https:\/\/www.movacolor.com\/vi\/tin-tuc\/new-ceo-at-movacolor\/#primaryimage","url":"https:\/\/www.movacolor.com\/wp-content\/uploads\/2023\/02\/Marc-Aandeweg-en-Gerhard-Dersjant-590x380-1.jpg","contentUrl":"https:\/\/www.movacolor.com\/wp-content\/uploads\/2023\/02\/Marc-Aandeweg-en-Gerhard-Dersjant-590x380-1.jpg","width":590,"height":380},{"@type":"BreadcrumbList","@id":"https:\/\/www.movacolor.com\/vi\/tin-tuc\/new-ceo-at-movacolor\/#breadcrumb","itemListElement":[{"@type":"ListItem","position":1,"name":"Home","item":"https:\/\/www.movacolor.com\/vi\/"},{"@type":"ListItem","position":2,"name":"CEO m\u1edbi c\u1ee7a Movacolor"}]},{"@type":"WebSite","@id":"https:\/\/www.movacolor.com\/vi\/#website","url":"https:\/\/www.movacolor.com\/vi\/","name":"Movacolor","description":"modular dosing solutions","potentialAction":[{"@type":"SearchAction","target":{"@type":"EntryPoint","urlTemplate":"https:\/\/www.movacolor.com\/vi\/?s={search_term_string}"},"query-input":{"@type":"PropertyValueSpecification","valueRequired":true,"valueName":"search_term_string"}}],"inLanguage":"vi-VN"},{"@type":"Person","@id":"https:\/\/www.movacolor.com\/vi\/#\/schema\/person\/a686bfe8e713ddd6df992689808e5ca9","name":"Christiaan Visser","image":{"@type":"ImageObject","inLanguage":"vi-VN","@id":"https:\/\/www.movacolor.com\/vi\/#\/schema\/person\/image\/","url":"https:\/\/secure.gravatar.com\/avatar\/eb8a04893cb1d1651fd200f006a7ee21ca996c3ab74de6e2f4d8ded887f27a84?s=96&d=mm&r=g","contentUrl":"https:\/\/secure.gravatar.com\/avatar\/eb8a04893cb1d1651fd200f006a7ee21ca996c3ab74de6e2f4d8ded887f27a84?s=96&d=mm&r=g","caption":"Christiaan Visser"},"sameAs":["http:\/\/snakeware.nl"]}]}},"_links":{"self":[{"href":"https:\/\/www.movacolor.com\/vi\/wp-json\/wp\/v2\/posts\/12966","targetHints":{"allow":["GET"]}}],"collection":[{"href":"https:\/\/www.movacolor.com\/vi\/wp-json\/wp\/v2\/posts"}],"about":[{"href":"https:\/\/www.movacolor.com\/vi\/wp-json\/wp\/v2\/types\/post"}],"author":[{"embeddable":true,"href":"https:\/\/www.movacolor.com\/vi\/wp-json\/wp\/v2\/users\/8"}],"replies":[{"embeddable":true,"href":"https:\/\/www.movacolor.com\/vi\/wp-json\/wp\/v2\/comments?post=12966"}],"version-history":[{"count":1,"href":"https:\/\/www.movacolor.com\/vi\/wp-json\/wp\/v2\/posts\/12966\/revisions"}],"predecessor-version":[{"id":13886,"href":"https:\/\/www.movacolor.com\/vi\/wp-json\/wp\/v2\/posts\/12966\/revisions\/13886"}],"wp:featuredmedia":[{"embeddable":true,"href":"https:\/\/www.movacolor.com\/vi\/wp-json\/wp\/v2\/media\/12967"}],"wp:attachment":[{"href":"https:\/\/www.movacolor.com\/vi\/wp-json\/wp\/v2\/media?parent=12966"}],"wp:term":[{"taxonomy":"category","embeddable":true,"href":"https:\/\/www.movacolor.com\/vi\/wp-json\/wp\/v2\/categories?post=12966"},{"taxonomy":"post_tag","embeddable":true,"href":"https:\/\/www.movacolor.com\/vi\/wp-json\/wp\/v2\/tags?post=12966"}],"curies":[{"name":"wp","href":"https:\/\/api.w.org\/{rel}","templated":true}]}}