{"id":11659,"date":"2023-04-06T14:16:37","date_gmt":"2023-04-06T12:16:37","guid":{"rendered":"https:\/\/www.movacolor.com\/viec-dem-nguoc-den-tran-chung-ket-vfoj-da-bat-dau\/"},"modified":"2024-01-17T12:41:26","modified_gmt":"2024-01-17T10:41:26","slug":"viec-dem-nguoc-den-tran-chung-ket-vfoj-da-bat-dau","status":"publish","type":"post","link":"https:\/\/www.movacolor.com\/vi\/tin-tuc\/dem-nguoc-den-tran-chung-ket-vfoj-da-bat-dau\/","title":{"rendered":"Vi\u1ec7c \u0111\u1ebfm ng\u01b0\u1ee3c \u0111\u1ebfn tr\u1eadn chung k\u1ebft VFOJ \u0111\u00e3 b\u1eaft \u0111\u1ea7u!"},"content":{"rendered":"<p>\u0110\u1ec3 gi\u1ea3i quy\u1ebft tr\u01b0\u1eddng h\u1ee3p c\u1ee7a kh\u00e1ch h\u00e0ng, ban gi\u00e1m kh\u1ea3o \u0111\u00e3 ph\u1ea3i l\u00e0m vi\u1ec7c c\u00f9ng v\u1edbi nh\u00f3m Movacolor \u0111\u1ec3 ph\u00e1t tri\u1ec3n m\u1ed9t b\u1ed9 ph\u1eadn gi\u00fap gi\u1ea3m thi\u1ec3u ch\u1ea5t th\u1ea3i m\u1ed9t c\u00e1ch hi\u1ec7u qu\u1ea3 trong qu\u00e1 tr\u00ecnh s\u1ea3n xu\u1ea5t nh\u1ef1a. Ban gi\u00e1m kh\u1ea3o \u0111\u00e3 tham gia v\u00e0o qu\u00e1 tr\u00ecnh k\u1ef9 thu\u1eadt, x\u1eed l\u00fd \u0111\u01a1n h\u00e0ng v\u00e0 ch\u1ecdn h\u00e0ng tr\u01b0\u1edbc khi t\u1ef1 l\u1eafp r\u00e1p thi\u1ebft b\u1ecb. Sau khi thi\u1ebft b\u1ecb \u0111\u01b0\u1ee3c ch\u1ebf t\u1ea1o, h\u1ecd c\u00f3 th\u1ec3 ch\u1ee9ng ki\u1ebfn m\u00e0n tr\u00ecnh di\u1ec5n kh\u1ea3 n\u0103ng c\u1ee7a n\u00f3 b\u1eb1ng thi\u1ebft b\u1ecb demo c\u1ee7a ch\u00fang t\u00f4i. Tr\u1ea3i nghi\u1ec7m n\u00e0y \u0111\u00e3 mang l\u1ea1i cho ban gi\u00e1m kh\u1ea3o ph\u1ea7n th\u01b0\u1edfng khi th\u1ea5y gi\u1ea3i ph\u00e1p c\u1ee7a h\u1ecd tr\u1edf n\u00ean s\u1ed1ng \u0111\u1ed9ng v\u00e0 ph\u00e1t huy h\u1ebft ti\u1ec1m n\u0103ng c\u1ee7a n\u00f3.<\/p>\n<p>Khi suy ng\u1eabm v\u1ec1 m\u1ed9t ng\u00e0y l\u00e0m vi\u1ec7c hi\u1ec7u qu\u1ea3, ch\u00fang t\u00f4i b\u1eaft \u0111\u1ea7u \u0111\u1ebfm ng\u01b0\u1ee3c cho bu\u1ed5i thuy\u1ebft tr\u00ecnh cu\u1ed1i c\u00f9ng \u1edf St. Annaparochie v\u00e0o th\u1ee9 Ba tu\u1ea7n t\u1edbi. Nh\u00f3m c\u1ee7a ch\u00fang t\u00f4i c\u00f3 \u0111\u1ed9ng l\u1ef1c v\u00e0 s\u1eb5n s\u00e0ng th\u1ec3 hi\u1ec7n cam k\u1ebft c\u1ee7a m\u00ecnh \u0111\u1ed1i v\u1edbi vi\u1ec7c s\u1ea3n xu\u1ea5t nh\u1ef1a b\u1ec1n v\u1eefng v\u00e0 n\u00e2ng cao nh\u1eadn th\u1ee9c v\u1ec1 c\u00e1c c\u00e1ch gi\u1ea3m thi\u1ec3u ch\u1ea5t th\u1ea3i trong ng\u00e0nh c\u1ee7a ch\u00fang t\u00f4i. Ch\u00fang t\u00f4i n\u00f3ng l\u00f2ng mu\u1ed1n xem ai s\u1ebd \u0111\u0103ng quang ng\u01b0\u1eddi chi\u1ebfn th\u1eafng. H\u00e3y theo d\u00f5i \u0111\u1ec3 c\u1eadp nh\u1eadt th\u00f4ng tin v\u1ec1 s\u1ef1 ki\u1ec7n th\u00fa v\u1ecb n\u00e0y!<\/p>\n","protected":false},"excerpt":{"rendered":"<p>Vi\u1ec7c \u0111\u1ebfm ng\u01b0\u1ee3c \u0111\u1ebfn tr\u1eadn chung k\u1ebft c\u1ee7a Verkiezing Friese Onderneming van het Jaar 2023 \u0111\u00e3 b\u1eaft \u0111\u1ea7u. Sau khi gi\u00e0nh \u0111\u01b0\u1ee3c m\u1ed9t su\u1ea5t v\u00e0o v\u00f2ng chung k\u1ebft, ch\u00fang t\u00f4i \u0111\u00e3 vinh d\u1ef1 \u0111\u01b0\u1ee3c ch\u00e0o \u0111\u00f3n ban gi\u00e1m kh\u1ea3o VFOJ \u0111\u1ebfn v\u0103n ph\u00f2ng c\u1ee7a ch\u00fang t\u00f4i \u1edf Sneek. Ch\u00fang t\u00f4i c\u00f3 c\u01a1 h\u1ed9i th\u1ec3 hi\u1ec7n ni\u1ec1m \u0111am m\u00ea s\u1ea3n xu\u1ea5t nh\u1ef1a b\u1ec1n v\u1eefng b\u1eb1ng c\u00e1ch m\u1eddi ban gi\u00e1m kh\u1ea3o tham gia v\u00e0o c\u00f4ng vi\u1ec7c h\u00e0ng ng\u00e0y c\u1ee7a m\u00ecnh v\u00e0 tr\u00ecnh b\u00e0y cho h\u1ecd m\u1ed9t tr\u01b0\u1eddng h\u1ee3p kh\u00e1ch h\u00e0ng \u0111\u1ea7y th\u1eed th\u00e1ch.<\/p>\n","protected":false},"author":19,"featured_media":11661,"comment_status":"closed","ping_status":"closed","sticky":false,"template":"","format":"standard","meta":{"_acf_changed":false,"footnotes":""},"categories":[830],"tags":[],"class_list":["post-11659","post","type-post","status-publish","format-standard","has-post-thumbnail","hentry","category-tin-tuc"],"acf":[],"yoast_head":"<!-- This site is optimized with the Yoast SEO plugin v26.4 - https:\/\/yoast.com\/wordpress\/plugins\/seo\/ -->\n<title>Vi\u1ec7c \u0111\u1ebfm ng\u01b0\u1ee3c \u0111\u1ebfn tr\u1eadn chung k\u1ebft VFOJ \u0111\u00e3 b\u1eaft \u0111\u1ea7u! - Movacolor<\/title>\n<meta name=\"description\" content=\"H\u00e3y c\u00f9ng ch\u00fang t\u00f4i \u0111\u1ebfm ng\u01b0\u1ee3c \u0111\u1ebfn tr\u1eadn chung k\u1ebft VFOJ! Xem c\u00e1ch Movacolor thu h\u00fat ban gi\u00e1m kh\u1ea3o trong ho\u1ea1t \u0111\u1ed9ng s\u1ea3n xu\u1ea5t nh\u1ef1a b\u1ec1n v\u1eefng. Ai s\u1ebd \u0111\u0103ng quang ng\u01b0\u1eddi chi\u1ebfn th\u1eafng? H\u00e3y theo d\u00f5i \u0111\u1ec3 c\u1eadp nh\u1eadt!\" \/>\n<meta name=\"robots\" content=\"index, follow, max-snippet:-1, max-image-preview:large, max-video-preview:-1\" \/>\n<link rel=\"canonical\" href=\"https:\/\/www.movacolor.com\/vi\/tin-tuc\/dem-nguoc-den-tran-chung-ket-vfoj-da-bat-dau\/\" \/>\n<meta property=\"og:locale\" content=\"vi_VN\" \/>\n<meta property=\"og:type\" content=\"article\" \/>\n<meta property=\"og:title\" content=\"Vi\u1ec7c \u0111\u1ebfm ng\u01b0\u1ee3c \u0111\u1ebfn tr\u1eadn chung k\u1ebft VFOJ \u0111\u00e3 b\u1eaft \u0111\u1ea7u! - Movacolor\" \/>\n<meta property=\"og:description\" content=\"H\u00e3y c\u00f9ng ch\u00fang t\u00f4i \u0111\u1ebfm ng\u01b0\u1ee3c \u0111\u1ebfn tr\u1eadn chung k\u1ebft VFOJ! Xem c\u00e1ch Movacolor thu h\u00fat ban gi\u00e1m kh\u1ea3o trong ho\u1ea1t \u0111\u1ed9ng s\u1ea3n xu\u1ea5t nh\u1ef1a b\u1ec1n v\u1eefng. Ai s\u1ebd \u0111\u0103ng quang ng\u01b0\u1eddi chi\u1ebfn th\u1eafng? H\u00e3y theo d\u00f5i \u0111\u1ec3 c\u1eadp nh\u1eadt!\" \/>\n<meta property=\"og:url\" content=\"https:\/\/www.movacolor.com\/vi\/tin-tuc\/dem-nguoc-den-tran-chung-ket-vfoj-da-bat-dau\/\" \/>\n<meta property=\"og:site_name\" content=\"Movacolor\" \/>\n<meta property=\"article:published_time\" content=\"2023-04-06T12:16:37+00:00\" \/>\n<meta property=\"article:modified_time\" content=\"2024-01-17T10:41:26+00:00\" \/>\n<meta property=\"og:image\" content=\"https:\/\/www.movacolor.com\/wp-content\/uploads\/2023\/04\/JuryvisitVFOJ2023-1.png\" \/>\n\t<meta property=\"og:image:width\" content=\"1161\" \/>\n\t<meta property=\"og:image:height\" content=\"774\" \/>\n\t<meta property=\"og:image:type\" content=\"image\/png\" \/>\n<meta name=\"author\" content=\"Johan Froentjes\" \/>\n<meta name=\"twitter:card\" content=\"summary_large_image\" \/>\n<meta name=\"twitter:label1\" content=\"Written by\" \/>\n\t<meta name=\"twitter:data1\" content=\"Johan Froentjes\" \/>\n\t<meta name=\"twitter:label2\" content=\"Est. reading time\" \/>\n\t<meta name=\"twitter:data2\" content=\"2 minutes\" \/>\n<script type=\"application\/ld+json\" class=\"yoast-schema-graph\">{\"@context\":\"https:\/\/schema.org\",\"@graph\":[{\"@type\":\"WebPage\",\"@id\":\"https:\/\/www.movacolor.com\/vi\/tin-tuc\/dem-nguoc-den-tran-chung-ket-vfoj-da-bat-dau\/\",\"url\":\"https:\/\/www.movacolor.com\/vi\/tin-tuc\/dem-nguoc-den-tran-chung-ket-vfoj-da-bat-dau\/\",\"name\":\"Vi\u1ec7c \u0111\u1ebfm ng\u01b0\u1ee3c \u0111\u1ebfn tr\u1eadn chung k\u1ebft VFOJ \u0111\u00e3 b\u1eaft \u0111\u1ea7u! - Movacolor\",\"isPartOf\":{\"@id\":\"https:\/\/www.movacolor.com\/vi\/#website\"},\"primaryImageOfPage\":{\"@id\":\"https:\/\/www.movacolor.com\/vi\/tin-tuc\/dem-nguoc-den-tran-chung-ket-vfoj-da-bat-dau\/#primaryimage\"},\"image\":{\"@id\":\"https:\/\/www.movacolor.com\/vi\/tin-tuc\/dem-nguoc-den-tran-chung-ket-vfoj-da-bat-dau\/#primaryimage\"},\"thumbnailUrl\":\"https:\/\/www.movacolor.com\/wp-content\/uploads\/2023\/04\/JuryvisitVFOJ2023-1.png\",\"datePublished\":\"2023-04-06T12:16:37+00:00\",\"dateModified\":\"2024-01-17T10:41:26+00:00\",\"author\":{\"@id\":\"https:\/\/www.movacolor.com\/vi\/#\/schema\/person\/e9c4c3e95265a1d091c00d4b98c5862e\"},\"description\":\"H\u00e3y c\u00f9ng ch\u00fang t\u00f4i \u0111\u1ebfm ng\u01b0\u1ee3c \u0111\u1ebfn tr\u1eadn chung k\u1ebft VFOJ! Xem c\u00e1ch Movacolor thu h\u00fat ban gi\u00e1m kh\u1ea3o trong ho\u1ea1t \u0111\u1ed9ng s\u1ea3n xu\u1ea5t nh\u1ef1a b\u1ec1n v\u1eefng. Ai s\u1ebd \u0111\u0103ng quang ng\u01b0\u1eddi chi\u1ebfn th\u1eafng? H\u00e3y theo d\u00f5i \u0111\u1ec3 c\u1eadp nh\u1eadt!\",\"breadcrumb\":{\"@id\":\"https:\/\/www.movacolor.com\/vi\/tin-tuc\/dem-nguoc-den-tran-chung-ket-vfoj-da-bat-dau\/#breadcrumb\"},\"inLanguage\":\"vi-VN\",\"potentialAction\":[{\"@type\":\"ReadAction\",\"target\":[\"https:\/\/www.movacolor.com\/vi\/tin-tuc\/dem-nguoc-den-tran-chung-ket-vfoj-da-bat-dau\/\"]}]},{\"@type\":\"ImageObject\",\"inLanguage\":\"vi-VN\",\"@id\":\"https:\/\/www.movacolor.com\/vi\/tin-tuc\/dem-nguoc-den-tran-chung-ket-vfoj-da-bat-dau\/#primaryimage\",\"url\":\"https:\/\/www.movacolor.com\/wp-content\/uploads\/2023\/04\/JuryvisitVFOJ2023-1.png\",\"contentUrl\":\"https:\/\/www.movacolor.com\/wp-content\/uploads\/2023\/04\/JuryvisitVFOJ2023-1.png\",\"width\":1161,\"height\":774,\"caption\":\"Jury visit VFOJ Movacolor 2023\"},{\"@type\":\"BreadcrumbList\",\"@id\":\"https:\/\/www.movacolor.com\/vi\/tin-tuc\/dem-nguoc-den-tran-chung-ket-vfoj-da-bat-dau\/#breadcrumb\",\"itemListElement\":[{\"@type\":\"ListItem\",\"position\":1,\"name\":\"Home\",\"item\":\"https:\/\/www.movacolor.com\/vi\/\"},{\"@type\":\"ListItem\",\"position\":2,\"name\":\"Vi\u1ec7c \u0111\u1ebfm ng\u01b0\u1ee3c \u0111\u1ebfn tr\u1eadn chung k\u1ebft VFOJ \u0111\u00e3 b\u1eaft \u0111\u1ea7u!\"}]},{\"@type\":\"WebSite\",\"@id\":\"https:\/\/www.movacolor.com\/vi\/#website\",\"url\":\"https:\/\/www.movacolor.com\/vi\/\",\"name\":\"Movacolor\",\"description\":\"modular dosing solutions\",\"potentialAction\":[{\"@type\":\"SearchAction\",\"target\":{\"@type\":\"EntryPoint\",\"urlTemplate\":\"https:\/\/www.movacolor.com\/vi\/?s={search_term_string}\"},\"query-input\":{\"@type\":\"PropertyValueSpecification\",\"valueRequired\":true,\"valueName\":\"search_term_string\"}}],\"inLanguage\":\"vi-VN\"},{\"@type\":\"Person\",\"@id\":\"https:\/\/www.movacolor.com\/vi\/#\/schema\/person\/e9c4c3e95265a1d091c00d4b98c5862e\",\"name\":\"Johan Froentjes\",\"image\":{\"@type\":\"ImageObject\",\"inLanguage\":\"vi-VN\",\"@id\":\"https:\/\/www.movacolor.com\/vi\/#\/schema\/person\/image\/\",\"url\":\"https:\/\/secure.gravatar.com\/avatar\/1c74751f8cd5a7e59d6145efab4036aef8dd6bcc57740a1f1a6d032d475d1dc1?s=96&d=mm&r=g\",\"contentUrl\":\"https:\/\/secure.gravatar.com\/avatar\/1c74751f8cd5a7e59d6145efab4036aef8dd6bcc57740a1f1a6d032d475d1dc1?s=96&d=mm&r=g\",\"caption\":\"Johan Froentjes\"}}]}<\/script>\n<!-- \/ Yoast SEO plugin. -->","yoast_head_json":{"title":"Vi\u1ec7c \u0111\u1ebfm ng\u01b0\u1ee3c \u0111\u1ebfn tr\u1eadn chung k\u1ebft VFOJ \u0111\u00e3 b\u1eaft \u0111\u1ea7u! - Movacolor","description":"H\u00e3y c\u00f9ng ch\u00fang t\u00f4i \u0111\u1ebfm ng\u01b0\u1ee3c \u0111\u1ebfn tr\u1eadn chung k\u1ebft VFOJ! Xem c\u00e1ch Movacolor thu h\u00fat ban gi\u00e1m kh\u1ea3o trong ho\u1ea1t \u0111\u1ed9ng s\u1ea3n xu\u1ea5t nh\u1ef1a b\u1ec1n v\u1eefng. Ai s\u1ebd \u0111\u0103ng quang ng\u01b0\u1eddi chi\u1ebfn th\u1eafng? H\u00e3y theo d\u00f5i \u0111\u1ec3 c\u1eadp nh\u1eadt!","robots":{"index":"index","follow":"follow","max-snippet":"max-snippet:-1","max-image-preview":"max-image-preview:large","max-video-preview":"max-video-preview:-1"},"canonical":"https:\/\/www.movacolor.com\/vi\/tin-tuc\/dem-nguoc-den-tran-chung-ket-vfoj-da-bat-dau\/","og_locale":"vi_VN","og_type":"article","og_title":"Vi\u1ec7c \u0111\u1ebfm ng\u01b0\u1ee3c \u0111\u1ebfn tr\u1eadn chung k\u1ebft VFOJ \u0111\u00e3 b\u1eaft \u0111\u1ea7u! - Movacolor","og_description":"H\u00e3y c\u00f9ng ch\u00fang t\u00f4i \u0111\u1ebfm ng\u01b0\u1ee3c \u0111\u1ebfn tr\u1eadn chung k\u1ebft VFOJ! Xem c\u00e1ch Movacolor thu h\u00fat ban gi\u00e1m kh\u1ea3o trong ho\u1ea1t \u0111\u1ed9ng s\u1ea3n xu\u1ea5t nh\u1ef1a b\u1ec1n v\u1eefng. Ai s\u1ebd \u0111\u0103ng quang ng\u01b0\u1eddi chi\u1ebfn th\u1eafng? H\u00e3y theo d\u00f5i \u0111\u1ec3 c\u1eadp nh\u1eadt!","og_url":"https:\/\/www.movacolor.com\/vi\/tin-tuc\/dem-nguoc-den-tran-chung-ket-vfoj-da-bat-dau\/","og_site_name":"Movacolor","article_published_time":"2023-04-06T12:16:37+00:00","article_modified_time":"2024-01-17T10:41:26+00:00","og_image":[{"width":1161,"height":774,"url":"https:\/\/www.movacolor.com\/wp-content\/uploads\/2023\/04\/JuryvisitVFOJ2023-1.png","type":"image\/png"}],"author":"Johan Froentjes","twitter_card":"summary_large_image","twitter_misc":{"Written by":"Johan Froentjes","Est. reading time":"2 minutes"},"schema":{"@context":"https:\/\/schema.org","@graph":[{"@type":"WebPage","@id":"https:\/\/www.movacolor.com\/vi\/tin-tuc\/dem-nguoc-den-tran-chung-ket-vfoj-da-bat-dau\/","url":"https:\/\/www.movacolor.com\/vi\/tin-tuc\/dem-nguoc-den-tran-chung-ket-vfoj-da-bat-dau\/","name":"Vi\u1ec7c \u0111\u1ebfm ng\u01b0\u1ee3c \u0111\u1ebfn tr\u1eadn chung k\u1ebft VFOJ \u0111\u00e3 b\u1eaft \u0111\u1ea7u! - Movacolor","isPartOf":{"@id":"https:\/\/www.movacolor.com\/vi\/#website"},"primaryImageOfPage":{"@id":"https:\/\/www.movacolor.com\/vi\/tin-tuc\/dem-nguoc-den-tran-chung-ket-vfoj-da-bat-dau\/#primaryimage"},"image":{"@id":"https:\/\/www.movacolor.com\/vi\/tin-tuc\/dem-nguoc-den-tran-chung-ket-vfoj-da-bat-dau\/#primaryimage"},"thumbnailUrl":"https:\/\/www.movacolor.com\/wp-content\/uploads\/2023\/04\/JuryvisitVFOJ2023-1.png","datePublished":"2023-04-06T12:16:37+00:00","dateModified":"2024-01-17T10:41:26+00:00","author":{"@id":"https:\/\/www.movacolor.com\/vi\/#\/schema\/person\/e9c4c3e95265a1d091c00d4b98c5862e"},"description":"H\u00e3y c\u00f9ng ch\u00fang t\u00f4i \u0111\u1ebfm ng\u01b0\u1ee3c \u0111\u1ebfn tr\u1eadn chung k\u1ebft VFOJ! Xem c\u00e1ch Movacolor thu h\u00fat ban gi\u00e1m kh\u1ea3o trong ho\u1ea1t \u0111\u1ed9ng s\u1ea3n xu\u1ea5t nh\u1ef1a b\u1ec1n v\u1eefng. Ai s\u1ebd \u0111\u0103ng quang ng\u01b0\u1eddi chi\u1ebfn th\u1eafng? H\u00e3y theo d\u00f5i \u0111\u1ec3 c\u1eadp nh\u1eadt!","breadcrumb":{"@id":"https:\/\/www.movacolor.com\/vi\/tin-tuc\/dem-nguoc-den-tran-chung-ket-vfoj-da-bat-dau\/#breadcrumb"},"inLanguage":"vi-VN","potentialAction":[{"@type":"ReadAction","target":["https:\/\/www.movacolor.com\/vi\/tin-tuc\/dem-nguoc-den-tran-chung-ket-vfoj-da-bat-dau\/"]}]},{"@type":"ImageObject","inLanguage":"vi-VN","@id":"https:\/\/www.movacolor.com\/vi\/tin-tuc\/dem-nguoc-den-tran-chung-ket-vfoj-da-bat-dau\/#primaryimage","url":"https:\/\/www.movacolor.com\/wp-content\/uploads\/2023\/04\/JuryvisitVFOJ2023-1.png","contentUrl":"https:\/\/www.movacolor.com\/wp-content\/uploads\/2023\/04\/JuryvisitVFOJ2023-1.png","width":1161,"height":774,"caption":"Jury visit VFOJ Movacolor 2023"},{"@type":"BreadcrumbList","@id":"https:\/\/www.movacolor.com\/vi\/tin-tuc\/dem-nguoc-den-tran-chung-ket-vfoj-da-bat-dau\/#breadcrumb","itemListElement":[{"@type":"ListItem","position":1,"name":"Home","item":"https:\/\/www.movacolor.com\/vi\/"},{"@type":"ListItem","position":2,"name":"Vi\u1ec7c \u0111\u1ebfm ng\u01b0\u1ee3c \u0111\u1ebfn tr\u1eadn chung k\u1ebft VFOJ \u0111\u00e3 b\u1eaft \u0111\u1ea7u!"}]},{"@type":"WebSite","@id":"https:\/\/www.movacolor.com\/vi\/#website","url":"https:\/\/www.movacolor.com\/vi\/","name":"Movacolor","description":"modular dosing solutions","potentialAction":[{"@type":"SearchAction","target":{"@type":"EntryPoint","urlTemplate":"https:\/\/www.movacolor.com\/vi\/?s={search_term_string}"},"query-input":{"@type":"PropertyValueSpecification","valueRequired":true,"valueName":"search_term_string"}}],"inLanguage":"vi-VN"},{"@type":"Person","@id":"https:\/\/www.movacolor.com\/vi\/#\/schema\/person\/e9c4c3e95265a1d091c00d4b98c5862e","name":"Johan Froentjes","image":{"@type":"ImageObject","inLanguage":"vi-VN","@id":"https:\/\/www.movacolor.com\/vi\/#\/schema\/person\/image\/","url":"https:\/\/secure.gravatar.com\/avatar\/1c74751f8cd5a7e59d6145efab4036aef8dd6bcc57740a1f1a6d032d475d1dc1?s=96&d=mm&r=g","contentUrl":"https:\/\/secure.gravatar.com\/avatar\/1c74751f8cd5a7e59d6145efab4036aef8dd6bcc57740a1f1a6d032d475d1dc1?s=96&d=mm&r=g","caption":"Johan Froentjes"}}]}},"_links":{"self":[{"href":"https:\/\/www.movacolor.com\/vi\/wp-json\/wp\/v2\/posts\/11659","targetHints":{"allow":["GET"]}}],"collection":[{"href":"https:\/\/www.movacolor.com\/vi\/wp-json\/wp\/v2\/posts"}],"about":[{"href":"https:\/\/www.movacolor.com\/vi\/wp-json\/wp\/v2\/types\/post"}],"author":[{"embeddable":true,"href":"https:\/\/www.movacolor.com\/vi\/wp-json\/wp\/v2\/users\/19"}],"replies":[{"embeddable":true,"href":"https:\/\/www.movacolor.com\/vi\/wp-json\/wp\/v2\/comments?post=11659"}],"version-history":[{"count":1,"href":"https:\/\/www.movacolor.com\/vi\/wp-json\/wp\/v2\/posts\/11659\/revisions"}],"predecessor-version":[{"id":12434,"href":"https:\/\/www.movacolor.com\/vi\/wp-json\/wp\/v2\/posts\/11659\/revisions\/12434"}],"wp:featuredmedia":[{"embeddable":true,"href":"https:\/\/www.movacolor.com\/vi\/wp-json\/wp\/v2\/media\/11661"}],"wp:attachment":[{"href":"https:\/\/www.movacolor.com\/vi\/wp-json\/wp\/v2\/media?parent=11659"}],"wp:term":[{"taxonomy":"category","embeddable":true,"href":"https:\/\/www.movacolor.com\/vi\/wp-json\/wp\/v2\/categories?post=11659"},{"taxonomy":"post_tag","embeddable":true,"href":"https:\/\/www.movacolor.com\/vi\/wp-json\/wp\/v2\/tags?post=11659"}],"curies":[{"name":"wp","href":"https:\/\/api.w.org\/{rel}","templated":true}]}}