{"id":7060,"date":"2023-03-30T17:57:53","date_gmt":"2023-03-30T15:57:53","guid":{"rendered":"https:\/\/www.movacolor.com\/wir-haben-das-finale-erreicht\/"},"modified":"2023-03-30T17:57:53","modified_gmt":"2023-03-30T15:57:53","slug":"wir-haben-das-finale-erreicht","status":"publish","type":"post","link":"https:\/\/www.movacolor.com\/de\/neuigkeiten\/wir-haben-das-finale-erreicht\/","title":{"rendered":"Wir haben das Finale erreicht!"},"content":{"rendered":"<p>Das Verfahren zur Ermittlung eines Gewinners beginnt mit einer langen &#8220;Pitch&#8221;-Liste. Diese Liste basiert auf Unternehmen, die von Unternehmern, Gemeinden, Wirtschaftsverb\u00e4nden, Arbeitnehmern, Freunden und Familienangeh\u00f6rigen aus der Branche vorgeschlagen werden. Eine Arbeitsgruppe w\u00e4hlt schlie\u00dflich die Nominierten aus, und diese Unternehmen stellen sich der Jury vor. In diesem Jahr besteht die Jury aus den Unternehmern Pieter Kooi, Marcella Ensel und dem letztj\u00e4hrigen Gewinner Dries Wajer und wird vom stellvertretenden Vorsitzenden Friso Douwstra geleitet.<\/p>\n<p>Nach Anh\u00f6rung aller ca. 7-min\u00fctigen Pitches und Befragungen konnte die Jury drei Unternehmen ausw\u00e4hlen, die in die Endrunde einziehen werden: Megahout aus Drachten, Movacolor aus Sneek und Nedcam Solutions aus Heerenveen.<\/p>\n<p>Im Vorfeld des Finales am Dienstag, den 18. April, wird die Jury die drei Finalisten besuchen, um mehr \u00fcber ihre Gesch\u00e4ftst\u00e4tigkeit, ihr Produkt, ihren Markt und die Menschen, die dort arbeiten, zu erfahren. Die drei Finalisten bereiten sich dann auf das Finale vor, bei dem sie sich den Unternehmern von Frysl\u00e2n, den Fans und nat\u00fcrlich auch der Jury pr\u00e4sentieren werden. Das diesj\u00e4hrige Finale findet in Sint-Annaparochie statt.<\/p>\n","protected":false},"excerpt":{"rendered":"<p>Megahout aus Drachten, Movacolor aus Sneek und Nedcam Solutions aus Heerenveen sind die stolzen Finalisten der Wahl zum friesischen Unternehmen des Jahres (VFO) 2023. Am Montag, den 20. M\u00e4rz, k\u00e4mpften die nominierten Unternehmen um einen Finalplatz. <\/p>\n","protected":false},"author":6,"featured_media":4153,"comment_status":"closed","ping_status":"closed","sticky":false,"template":"","format":"standard","meta":{"_acf_changed":false,"footnotes":""},"categories":[134],"tags":[],"class_list":["post-7060","post","type-post","status-publish","format-standard","has-post-thumbnail","hentry","category-news-de"],"acf":[],"yoast_head":"<!-- This site is optimized with the Yoast SEO plugin v26.4 - https:\/\/yoast.com\/wordpress\/plugins\/seo\/ -->\n<title>Wir haben das Finale erreicht! - Movacolor<\/title>\n<meta name=\"robots\" content=\"index, follow, max-snippet:-1, max-image-preview:large, max-video-preview:-1\" \/>\n<link rel=\"canonical\" href=\"https:\/\/www.movacolor.com\/de\/neuigkeiten\/wir-haben-das-finale-erreicht\/\" \/>\n<meta property=\"og:locale\" content=\"de_DE\" \/>\n<meta property=\"og:type\" content=\"article\" \/>\n<meta property=\"og:title\" content=\"Wir haben das Finale erreicht! - Movacolor\" \/>\n<meta property=\"og:description\" content=\"Megahout aus Drachten, Movacolor aus Sneek und Nedcam Solutions aus Heerenveen sind die stolzen Finalisten der Wahl zum friesischen Unternehmen des Jahres (VFO) 2023. Am Montag, den 20. M\u00e4rz, k\u00e4mpften die nominierten Unternehmen um einen Finalplatz.\" \/>\n<meta property=\"og:url\" content=\"https:\/\/www.movacolor.com\/de\/neuigkeiten\/wir-haben-das-finale-erreicht\/\" \/>\n<meta property=\"og:site_name\" content=\"Movacolor\" \/>\n<meta property=\"article:published_time\" content=\"2023-03-30T15:57:53+00:00\" \/>\n<meta property=\"og:image\" content=\"https:\/\/www.movacolor.com\/wp-content\/uploads\/2023\/03\/VFOJ-scaled.jpg\" \/>\n\t<meta property=\"og:image:width\" content=\"2560\" \/>\n\t<meta property=\"og:image:height\" content=\"1659\" \/>\n\t<meta property=\"og:image:type\" content=\"image\/jpeg\" \/>\n<meta name=\"author\" content=\"M. Bosma\" \/>\n<meta name=\"twitter:card\" content=\"summary_large_image\" \/>\n<meta name=\"twitter:label1\" content=\"Verfasst von\" \/>\n\t<meta name=\"twitter:data1\" content=\"M. Bosma\" \/>\n\t<meta name=\"twitter:label2\" content=\"Gesch\u00e4tzte Lesezeit\" \/>\n\t<meta name=\"twitter:data2\" content=\"1\u00a0Minute\" \/>\n<script type=\"application\/ld+json\" class=\"yoast-schema-graph\">{\"@context\":\"https:\/\/schema.org\",\"@graph\":[{\"@type\":\"WebPage\",\"@id\":\"https:\/\/www.movacolor.com\/de\/neuigkeiten\/wir-haben-das-finale-erreicht\/\",\"url\":\"https:\/\/www.movacolor.com\/de\/neuigkeiten\/wir-haben-das-finale-erreicht\/\",\"name\":\"Wir haben das Finale erreicht! - Movacolor\",\"isPartOf\":{\"@id\":\"https:\/\/www.movacolor.com\/de\/#website\"},\"primaryImageOfPage\":{\"@id\":\"https:\/\/www.movacolor.com\/de\/neuigkeiten\/wir-haben-das-finale-erreicht\/#primaryimage\"},\"image\":{\"@id\":\"https:\/\/www.movacolor.com\/de\/neuigkeiten\/wir-haben-das-finale-erreicht\/#primaryimage\"},\"thumbnailUrl\":\"https:\/\/www.movacolor.com\/wp-content\/uploads\/2023\/03\/VFOJ-scaled.jpg\",\"datePublished\":\"2023-03-30T15:57:53+00:00\",\"author\":{\"@id\":\"https:\/\/www.movacolor.com\/de\/#\/schema\/person\/1c0e50b5a0d5e431d9d782e7b6654989\"},\"breadcrumb\":{\"@id\":\"https:\/\/www.movacolor.com\/de\/neuigkeiten\/wir-haben-das-finale-erreicht\/#breadcrumb\"},\"inLanguage\":\"de\",\"potentialAction\":[{\"@type\":\"ReadAction\",\"target\":[\"https:\/\/www.movacolor.com\/de\/neuigkeiten\/wir-haben-das-finale-erreicht\/\"]}]},{\"@type\":\"ImageObject\",\"inLanguage\":\"de\",\"@id\":\"https:\/\/www.movacolor.com\/de\/neuigkeiten\/wir-haben-das-finale-erreicht\/#primaryimage\",\"url\":\"https:\/\/www.movacolor.com\/wp-content\/uploads\/2023\/03\/VFOJ-scaled.jpg\",\"contentUrl\":\"https:\/\/www.movacolor.com\/wp-content\/uploads\/2023\/03\/VFOJ-scaled.jpg\",\"width\":2560,\"height\":1659,\"caption\":\"20-03-2023, Franeker, Empatec, verkiezing Friese Ondernemer van het jaar foto; Simon Bleeker PlusNauta\"},{\"@type\":\"BreadcrumbList\",\"@id\":\"https:\/\/www.movacolor.com\/de\/neuigkeiten\/wir-haben-das-finale-erreicht\/#breadcrumb\",\"itemListElement\":[{\"@type\":\"ListItem\",\"position\":1,\"name\":\"Home\",\"item\":\"https:\/\/www.movacolor.com\/de\/\"},{\"@type\":\"ListItem\",\"position\":2,\"name\":\"Wir haben das Finale erreicht!\"}]},{\"@type\":\"WebSite\",\"@id\":\"https:\/\/www.movacolor.com\/de\/#website\",\"url\":\"https:\/\/www.movacolor.com\/de\/\",\"name\":\"Movacolor\",\"description\":\"modular dosing solutions\",\"potentialAction\":[{\"@type\":\"SearchAction\",\"target\":{\"@type\":\"EntryPoint\",\"urlTemplate\":\"https:\/\/www.movacolor.com\/de\/?s={search_term_string}\"},\"query-input\":{\"@type\":\"PropertyValueSpecification\",\"valueRequired\":true,\"valueName\":\"search_term_string\"}}],\"inLanguage\":\"de\"},{\"@type\":\"Person\",\"@id\":\"https:\/\/www.movacolor.com\/de\/#\/schema\/person\/1c0e50b5a0d5e431d9d782e7b6654989\",\"name\":\"M. Bosma\",\"image\":{\"@type\":\"ImageObject\",\"inLanguage\":\"de\",\"@id\":\"https:\/\/www.movacolor.com\/de\/#\/schema\/person\/image\/\",\"url\":\"https:\/\/secure.gravatar.com\/avatar\/778a413656d31459a1018b0d7f37f1a2c5e561f52462abfdab7c2ee006c90906?s=96&d=mm&r=g\",\"contentUrl\":\"https:\/\/secure.gravatar.com\/avatar\/778a413656d31459a1018b0d7f37f1a2c5e561f52462abfdab7c2ee006c90906?s=96&d=mm&r=g\",\"caption\":\"M. Bosma\"}}]}<\/script>\n<!-- \/ Yoast SEO plugin. -->","yoast_head_json":{"title":"Wir haben das Finale erreicht! - Movacolor","robots":{"index":"index","follow":"follow","max-snippet":"max-snippet:-1","max-image-preview":"max-image-preview:large","max-video-preview":"max-video-preview:-1"},"canonical":"https:\/\/www.movacolor.com\/de\/neuigkeiten\/wir-haben-das-finale-erreicht\/","og_locale":"de_DE","og_type":"article","og_title":"Wir haben das Finale erreicht! - Movacolor","og_description":"Megahout aus Drachten, Movacolor aus Sneek und Nedcam Solutions aus Heerenveen sind die stolzen Finalisten der Wahl zum friesischen Unternehmen des Jahres (VFO) 2023. Am Montag, den 20. M\u00e4rz, k\u00e4mpften die nominierten Unternehmen um einen Finalplatz.","og_url":"https:\/\/www.movacolor.com\/de\/neuigkeiten\/wir-haben-das-finale-erreicht\/","og_site_name":"Movacolor","article_published_time":"2023-03-30T15:57:53+00:00","og_image":[{"width":2560,"height":1659,"url":"https:\/\/www.movacolor.com\/wp-content\/uploads\/2023\/03\/VFOJ-scaled.jpg","type":"image\/jpeg"}],"author":"M. Bosma","twitter_card":"summary_large_image","twitter_misc":{"Verfasst von":"M. Bosma","Gesch\u00e4tzte Lesezeit":"1\u00a0Minute"},"schema":{"@context":"https:\/\/schema.org","@graph":[{"@type":"WebPage","@id":"https:\/\/www.movacolor.com\/de\/neuigkeiten\/wir-haben-das-finale-erreicht\/","url":"https:\/\/www.movacolor.com\/de\/neuigkeiten\/wir-haben-das-finale-erreicht\/","name":"Wir haben das Finale erreicht! - Movacolor","isPartOf":{"@id":"https:\/\/www.movacolor.com\/de\/#website"},"primaryImageOfPage":{"@id":"https:\/\/www.movacolor.com\/de\/neuigkeiten\/wir-haben-das-finale-erreicht\/#primaryimage"},"image":{"@id":"https:\/\/www.movacolor.com\/de\/neuigkeiten\/wir-haben-das-finale-erreicht\/#primaryimage"},"thumbnailUrl":"https:\/\/www.movacolor.com\/wp-content\/uploads\/2023\/03\/VFOJ-scaled.jpg","datePublished":"2023-03-30T15:57:53+00:00","author":{"@id":"https:\/\/www.movacolor.com\/de\/#\/schema\/person\/1c0e50b5a0d5e431d9d782e7b6654989"},"breadcrumb":{"@id":"https:\/\/www.movacolor.com\/de\/neuigkeiten\/wir-haben-das-finale-erreicht\/#breadcrumb"},"inLanguage":"de","potentialAction":[{"@type":"ReadAction","target":["https:\/\/www.movacolor.com\/de\/neuigkeiten\/wir-haben-das-finale-erreicht\/"]}]},{"@type":"ImageObject","inLanguage":"de","@id":"https:\/\/www.movacolor.com\/de\/neuigkeiten\/wir-haben-das-finale-erreicht\/#primaryimage","url":"https:\/\/www.movacolor.com\/wp-content\/uploads\/2023\/03\/VFOJ-scaled.jpg","contentUrl":"https:\/\/www.movacolor.com\/wp-content\/uploads\/2023\/03\/VFOJ-scaled.jpg","width":2560,"height":1659,"caption":"20-03-2023, Franeker, Empatec, verkiezing Friese Ondernemer van het jaar foto; Simon Bleeker PlusNauta"},{"@type":"BreadcrumbList","@id":"https:\/\/www.movacolor.com\/de\/neuigkeiten\/wir-haben-das-finale-erreicht\/#breadcrumb","itemListElement":[{"@type":"ListItem","position":1,"name":"Home","item":"https:\/\/www.movacolor.com\/de\/"},{"@type":"ListItem","position":2,"name":"Wir haben das Finale erreicht!"}]},{"@type":"WebSite","@id":"https:\/\/www.movacolor.com\/de\/#website","url":"https:\/\/www.movacolor.com\/de\/","name":"Movacolor","description":"modular dosing solutions","potentialAction":[{"@type":"SearchAction","target":{"@type":"EntryPoint","urlTemplate":"https:\/\/www.movacolor.com\/de\/?s={search_term_string}"},"query-input":{"@type":"PropertyValueSpecification","valueRequired":true,"valueName":"search_term_string"}}],"inLanguage":"de"},{"@type":"Person","@id":"https:\/\/www.movacolor.com\/de\/#\/schema\/person\/1c0e50b5a0d5e431d9d782e7b6654989","name":"M. Bosma","image":{"@type":"ImageObject","inLanguage":"de","@id":"https:\/\/www.movacolor.com\/de\/#\/schema\/person\/image\/","url":"https:\/\/secure.gravatar.com\/avatar\/778a413656d31459a1018b0d7f37f1a2c5e561f52462abfdab7c2ee006c90906?s=96&d=mm&r=g","contentUrl":"https:\/\/secure.gravatar.com\/avatar\/778a413656d31459a1018b0d7f37f1a2c5e561f52462abfdab7c2ee006c90906?s=96&d=mm&r=g","caption":"M. Bosma"}}]}},"_links":{"self":[{"href":"https:\/\/www.movacolor.com\/de\/wp-json\/wp\/v2\/posts\/7060","targetHints":{"allow":["GET"]}}],"collection":[{"href":"https:\/\/www.movacolor.com\/de\/wp-json\/wp\/v2\/posts"}],"about":[{"href":"https:\/\/www.movacolor.com\/de\/wp-json\/wp\/v2\/types\/post"}],"author":[{"embeddable":true,"href":"https:\/\/www.movacolor.com\/de\/wp-json\/wp\/v2\/users\/6"}],"replies":[{"embeddable":true,"href":"https:\/\/www.movacolor.com\/de\/wp-json\/wp\/v2\/comments?post=7060"}],"version-history":[{"count":0,"href":"https:\/\/www.movacolor.com\/de\/wp-json\/wp\/v2\/posts\/7060\/revisions"}],"wp:featuredmedia":[{"embeddable":true,"href":"https:\/\/www.movacolor.com\/de\/wp-json\/wp\/v2\/media\/4153"}],"wp:attachment":[{"href":"https:\/\/www.movacolor.com\/de\/wp-json\/wp\/v2\/media?parent=7060"}],"wp:term":[{"taxonomy":"category","embeddable":true,"href":"https:\/\/www.movacolor.com\/de\/wp-json\/wp\/v2\/categories?post=7060"},{"taxonomy":"post_tag","embeddable":true,"href":"https:\/\/www.movacolor.com\/de\/wp-json\/wp\/v2\/tags?post=7060"}],"curies":[{"name":"wp","href":"https:\/\/api.w.org\/{rel}","templated":true}]}}