{"id":7056,"date":"2023-04-18T11:22:22","date_gmt":"2023-04-18T09:22:22","guid":{"rendered":"https:\/\/www.movacolor.com\/movacolor-als-bestes-friesisches-unternehmen-2023-ausgezeichnet\/"},"modified":"2023-07-12T17:06:22","modified_gmt":"2023-07-12T15:06:22","slug":"movacolor-als-bestes-friesisches-unternehmen-2023-ausgezeichnet","status":"publish","type":"post","link":"https:\/\/www.movacolor.com\/de\/neuigkeiten\/movacolor-als-bestes-friesisches-unternehmen-2023-ausgezeichnet\/","title":{"rendered":"Movacolor als bestes friesisches Unternehmen 2023 ausgezeichnet"},"content":{"rendered":"<section class=\"l-section wpb_row height_medium\"><div class=\"l-section-h i-cf\"><div class=\"g-cols vc_row via_flex valign_top type_default stacking_default\"><div class=\"vc_col-sm-12 wpb_column vc_column_container\"><div class=\"vc_column-inner\"><div class=\"wpb_wrapper\"><div class=\"wpb_text_column\"><div class=\"wpb_wrapper\"><p>W\u00e4hrend des letzten Pr\u00e4sentationstages am Dienstag, den 18. April, pr\u00e4sentierten alle drei Nominierten ihren Pitch vor den 300 interessierten Teilnehmern an verschiedenen Orten in St. Annaparochie. Im Namen von Movacolor sprachen unser CEO Marc Aandeweg und CTO Bas Nieuwenhuis. In ihrer Pr\u00e4sentation erl\u00e4uterten sie unsere Vision einer nachhaltigen Kunststoffproduktion und wie unsere Ger\u00e4te dazu beitragen, die Nachhaltigkeitsziele unserer Kunden zu erreichen.<\/p>\n<p>&#8220;Obwohl unsere Botschaft ernst war, sollte sie nicht zu schwer sein&#8221;. Sagt Marc Aandeweg. Unser Ziel war es, den G\u00e4sten auf verst\u00e4ndliche Weise zu zeigen, wie wir gemeinsam dazu beitragen k\u00f6nnen, die Welt nachhaltiger zu gestalten, und das ist uns gelungen!<\/p>\n<p><span data-ccp-props=\"{&quot;201341983&quot;:0,&quot;335551550&quot;:0,&quot;335551620&quot;:0,&quot;335559739&quot;:160,&quot;335559740&quot;:259}\">\u00a0<\/span><\/p>\n<p><span data-contrast=\"none\">Wir m\u00f6chten der <a href=\"https:\/\/www.verkiezingfrieseonderneming.nl\/\" target=\"_blank\" rel=\"noopener\">VFOJ-Jury<\/a> <\/span>daf\u00fcr danken, dass sie unsere harte Arbeit und unser Engagement f\u00fcr mehr Nachhaltigkeit in der Kunststoffindustrie durch intelligente Dosierl\u00f6sungen gew\u00fcrdigt hat. Dar\u00fcber hinaus m\u00f6chten wir nat\u00fcrlich auch unserem Team, dem Movacolor-Team, f\u00fcr sein unglaubliches Engagement und seinen Einsatz f\u00fcr unsere Mission danken. Dieser Sieg ist ein Beweis f\u00fcr unsere gemeinsame Leidenschaft, und wir freuen uns darauf, unsere Arbeit noch viele Jahre lang fortzusetzen.<\/p>\n<p>Schlie\u00dflich m\u00f6chten wir dem VFOJ-Vorstand und den Sponsoren f\u00fcr die Organisation dieser gro\u00dfartigen Veranstaltung und allen Beteiligten f\u00fcr ihre Hilfe bei der Verbreitung unserer Botschaft und ihre Unterst\u00fctzung bei der Verleihung dieses angesehenen Preises danken.<\/p>\n<\/div><\/div><\/div><\/div><\/div><\/div><\/div><\/section><section class=\"l-section wpb_row height_small\"><div class=\"l-section-h i-cf\"><div class=\"g-cols vc_row via_flex valign_top type_default stacking_default\"><div class=\"vc_col-sm-12 wpb_column vc_column_container\"><div class=\"vc_column-inner\"><div class=\"wpb_wrapper\"><div class=\"w-video align_none ratio_16x9 has_iframe\"><div class=\"w-video-h\"><iframe title=\"Youtube video player\" src=\"\/\/www.youtube.com\/embed\/3fjSktEHaIc?autoplay=0&controls=0&origin=https:\/\/www.movacolor.com\/de\/&loop=0&mute=0\" allowfullscreen=\"1\" loading=\"lazy\"><\/iframe><\/div><\/div><\/div><\/div><\/div><\/div><\/div><\/section>\n","protected":false},"excerpt":{"rendered":"<p>Wir freuen uns, bekannt geben zu k\u00f6nnen, dass wir die Wahl zum friesischen Unternehmen des Jahres 2023 gewonnen haben! Die Konkurrenz war gro\u00df, denn zwei weitere herausragende Unternehmen konkurrierten um den Titel. Wir freuen uns, dass sich unser Engagement f\u00fcr eine nachhaltige Kunststoffproduktion und Abfallvermeidung ausgezahlt hat, und sind stolz darauf, zum Sieger gek\u00fcrt worden zu sein. <\/p>\n","protected":false},"author":19,"featured_media":4453,"comment_status":"closed","ping_status":"closed","sticky":false,"template":"","format":"standard","meta":{"_acf_changed":false,"footnotes":""},"categories":[134],"tags":[],"class_list":["post-7056","post","type-post","status-publish","format-standard","has-post-thumbnail","hentry","category-news-de"],"acf":[],"yoast_head":"<!-- This site is optimized with the Yoast SEO plugin v26.4 - https:\/\/yoast.com\/wordpress\/plugins\/seo\/ -->\n<title>Movacolor als bestes friesisches Unternehmen 2023 ausgezeichnet - Movacolor<\/title>\n<meta name=\"description\" content=\"Movacolor gewinnt den Preis f\u00fcr das beste friesische Unternehmen 2023. Unser Engagement f\u00fcr eine nachhaltige Kunststoffproduktion hat sich ausgezahlt und uns zum Gewinner dieser prestigetr\u00e4chtigen Auszeichnung gemacht.\" \/>\n<meta name=\"robots\" content=\"index, follow, max-snippet:-1, max-image-preview:large, max-video-preview:-1\" \/>\n<link rel=\"canonical\" href=\"https:\/\/www.movacolor.com\/de\/neuigkeiten\/movacolor-als-bestes-friesisches-unternehmen-2023-ausgezeichnet\/\" \/>\n<meta property=\"og:locale\" content=\"de_DE\" \/>\n<meta property=\"og:type\" content=\"article\" \/>\n<meta property=\"og:title\" content=\"Movacolor als bestes friesisches Unternehmen 2023 ausgezeichnet - Movacolor\" \/>\n<meta property=\"og:description\" content=\"Movacolor gewinnt den Preis f\u00fcr das beste friesische Unternehmen 2023. Unser Engagement f\u00fcr eine nachhaltige Kunststoffproduktion hat sich ausgezahlt und uns zum Gewinner dieser prestigetr\u00e4chtigen Auszeichnung gemacht.\" \/>\n<meta property=\"og:url\" content=\"https:\/\/www.movacolor.com\/de\/neuigkeiten\/movacolor-als-bestes-friesisches-unternehmen-2023-ausgezeichnet\/\" \/>\n<meta property=\"og:site_name\" content=\"Movacolor\" \/>\n<meta property=\"article:published_time\" content=\"2023-04-18T09:22:22+00:00\" \/>\n<meta property=\"article:modified_time\" content=\"2023-07-12T15:06:22+00:00\" \/>\n<meta property=\"og:image\" content=\"https:\/\/www.movacolor.com\/wp-content\/uploads\/2023\/04\/VFOJ2023.jpg\" \/>\n\t<meta property=\"og:image:width\" content=\"1720\" \/>\n\t<meta property=\"og:image:height\" content=\"1146\" \/>\n\t<meta property=\"og:image:type\" content=\"image\/jpeg\" \/>\n<meta name=\"author\" content=\"Johan Froentjes\" \/>\n<meta name=\"twitter:card\" content=\"summary_large_image\" \/>\n<meta name=\"twitter:label1\" content=\"Verfasst von\" \/>\n\t<meta name=\"twitter:data1\" content=\"Johan Froentjes\" \/>\n\t<meta name=\"twitter:label2\" content=\"Gesch\u00e4tzte Lesezeit\" \/>\n\t<meta name=\"twitter:data2\" content=\"1\u00a0Minute\" \/>\n<script type=\"application\/ld+json\" class=\"yoast-schema-graph\">{\"@context\":\"https:\/\/schema.org\",\"@graph\":[{\"@type\":\"WebPage\",\"@id\":\"https:\/\/www.movacolor.com\/de\/neuigkeiten\/movacolor-als-bestes-friesisches-unternehmen-2023-ausgezeichnet\/\",\"url\":\"https:\/\/www.movacolor.com\/de\/neuigkeiten\/movacolor-als-bestes-friesisches-unternehmen-2023-ausgezeichnet\/\",\"name\":\"Movacolor als bestes friesisches Unternehmen 2023 ausgezeichnet - Movacolor\",\"isPartOf\":{\"@id\":\"https:\/\/www.movacolor.com\/de\/#website\"},\"primaryImageOfPage\":{\"@id\":\"https:\/\/www.movacolor.com\/de\/neuigkeiten\/movacolor-als-bestes-friesisches-unternehmen-2023-ausgezeichnet\/#primaryimage\"},\"image\":{\"@id\":\"https:\/\/www.movacolor.com\/de\/neuigkeiten\/movacolor-als-bestes-friesisches-unternehmen-2023-ausgezeichnet\/#primaryimage\"},\"thumbnailUrl\":\"https:\/\/www.movacolor.com\/wp-content\/uploads\/2023\/04\/VFOJ2023.jpg\",\"datePublished\":\"2023-04-18T09:22:22+00:00\",\"dateModified\":\"2023-07-12T15:06:22+00:00\",\"author\":{\"@id\":\"https:\/\/www.movacolor.com\/de\/#\/schema\/person\/e9c4c3e95265a1d091c00d4b98c5862e\"},\"description\":\"Movacolor gewinnt den Preis f\u00fcr das beste friesische Unternehmen 2023. Unser Engagement f\u00fcr eine nachhaltige Kunststoffproduktion hat sich ausgezahlt und uns zum Gewinner dieser prestigetr\u00e4chtigen Auszeichnung gemacht.\",\"breadcrumb\":{\"@id\":\"https:\/\/www.movacolor.com\/de\/neuigkeiten\/movacolor-als-bestes-friesisches-unternehmen-2023-ausgezeichnet\/#breadcrumb\"},\"inLanguage\":\"de\",\"potentialAction\":[{\"@type\":\"ReadAction\",\"target\":[\"https:\/\/www.movacolor.com\/de\/neuigkeiten\/movacolor-als-bestes-friesisches-unternehmen-2023-ausgezeichnet\/\"]}]},{\"@type\":\"ImageObject\",\"inLanguage\":\"de\",\"@id\":\"https:\/\/www.movacolor.com\/de\/neuigkeiten\/movacolor-als-bestes-friesisches-unternehmen-2023-ausgezeichnet\/#primaryimage\",\"url\":\"https:\/\/www.movacolor.com\/wp-content\/uploads\/2023\/04\/VFOJ2023.jpg\",\"contentUrl\":\"https:\/\/www.movacolor.com\/wp-content\/uploads\/2023\/04\/VFOJ2023.jpg\",\"width\":1720,\"height\":1146,\"caption\":\"VFOJ2023\"},{\"@type\":\"BreadcrumbList\",\"@id\":\"https:\/\/www.movacolor.com\/de\/neuigkeiten\/movacolor-als-bestes-friesisches-unternehmen-2023-ausgezeichnet\/#breadcrumb\",\"itemListElement\":[{\"@type\":\"ListItem\",\"position\":1,\"name\":\"Home\",\"item\":\"https:\/\/www.movacolor.com\/de\/\"},{\"@type\":\"ListItem\",\"position\":2,\"name\":\"Movacolor als bestes friesisches Unternehmen 2023 ausgezeichnet\"}]},{\"@type\":\"WebSite\",\"@id\":\"https:\/\/www.movacolor.com\/de\/#website\",\"url\":\"https:\/\/www.movacolor.com\/de\/\",\"name\":\"Movacolor\",\"description\":\"modular dosing solutions\",\"potentialAction\":[{\"@type\":\"SearchAction\",\"target\":{\"@type\":\"EntryPoint\",\"urlTemplate\":\"https:\/\/www.movacolor.com\/de\/?s={search_term_string}\"},\"query-input\":{\"@type\":\"PropertyValueSpecification\",\"valueRequired\":true,\"valueName\":\"search_term_string\"}}],\"inLanguage\":\"de\"},{\"@type\":\"Person\",\"@id\":\"https:\/\/www.movacolor.com\/de\/#\/schema\/person\/e9c4c3e95265a1d091c00d4b98c5862e\",\"name\":\"Johan Froentjes\",\"image\":{\"@type\":\"ImageObject\",\"inLanguage\":\"de\",\"@id\":\"https:\/\/www.movacolor.com\/de\/#\/schema\/person\/image\/\",\"url\":\"https:\/\/secure.gravatar.com\/avatar\/1c74751f8cd5a7e59d6145efab4036aef8dd6bcc57740a1f1a6d032d475d1dc1?s=96&d=mm&r=g\",\"contentUrl\":\"https:\/\/secure.gravatar.com\/avatar\/1c74751f8cd5a7e59d6145efab4036aef8dd6bcc57740a1f1a6d032d475d1dc1?s=96&d=mm&r=g\",\"caption\":\"Johan Froentjes\"}}]}<\/script>\n<!-- \/ Yoast SEO plugin. -->","yoast_head_json":{"title":"Movacolor als bestes friesisches Unternehmen 2023 ausgezeichnet - Movacolor","description":"Movacolor gewinnt den Preis f\u00fcr das beste friesische Unternehmen 2023. Unser Engagement f\u00fcr eine nachhaltige Kunststoffproduktion hat sich ausgezahlt und uns zum Gewinner dieser prestigetr\u00e4chtigen Auszeichnung gemacht.","robots":{"index":"index","follow":"follow","max-snippet":"max-snippet:-1","max-image-preview":"max-image-preview:large","max-video-preview":"max-video-preview:-1"},"canonical":"https:\/\/www.movacolor.com\/de\/neuigkeiten\/movacolor-als-bestes-friesisches-unternehmen-2023-ausgezeichnet\/","og_locale":"de_DE","og_type":"article","og_title":"Movacolor als bestes friesisches Unternehmen 2023 ausgezeichnet - Movacolor","og_description":"Movacolor gewinnt den Preis f\u00fcr das beste friesische Unternehmen 2023. Unser Engagement f\u00fcr eine nachhaltige Kunststoffproduktion hat sich ausgezahlt und uns zum Gewinner dieser prestigetr\u00e4chtigen Auszeichnung gemacht.","og_url":"https:\/\/www.movacolor.com\/de\/neuigkeiten\/movacolor-als-bestes-friesisches-unternehmen-2023-ausgezeichnet\/","og_site_name":"Movacolor","article_published_time":"2023-04-18T09:22:22+00:00","article_modified_time":"2023-07-12T15:06:22+00:00","og_image":[{"width":1720,"height":1146,"url":"https:\/\/www.movacolor.com\/wp-content\/uploads\/2023\/04\/VFOJ2023.jpg","type":"image\/jpeg"}],"author":"Johan Froentjes","twitter_card":"summary_large_image","twitter_misc":{"Verfasst von":"Johan Froentjes","Gesch\u00e4tzte Lesezeit":"1\u00a0Minute"},"schema":{"@context":"https:\/\/schema.org","@graph":[{"@type":"WebPage","@id":"https:\/\/www.movacolor.com\/de\/neuigkeiten\/movacolor-als-bestes-friesisches-unternehmen-2023-ausgezeichnet\/","url":"https:\/\/www.movacolor.com\/de\/neuigkeiten\/movacolor-als-bestes-friesisches-unternehmen-2023-ausgezeichnet\/","name":"Movacolor als bestes friesisches Unternehmen 2023 ausgezeichnet - Movacolor","isPartOf":{"@id":"https:\/\/www.movacolor.com\/de\/#website"},"primaryImageOfPage":{"@id":"https:\/\/www.movacolor.com\/de\/neuigkeiten\/movacolor-als-bestes-friesisches-unternehmen-2023-ausgezeichnet\/#primaryimage"},"image":{"@id":"https:\/\/www.movacolor.com\/de\/neuigkeiten\/movacolor-als-bestes-friesisches-unternehmen-2023-ausgezeichnet\/#primaryimage"},"thumbnailUrl":"https:\/\/www.movacolor.com\/wp-content\/uploads\/2023\/04\/VFOJ2023.jpg","datePublished":"2023-04-18T09:22:22+00:00","dateModified":"2023-07-12T15:06:22+00:00","author":{"@id":"https:\/\/www.movacolor.com\/de\/#\/schema\/person\/e9c4c3e95265a1d091c00d4b98c5862e"},"description":"Movacolor gewinnt den Preis f\u00fcr das beste friesische Unternehmen 2023. Unser Engagement f\u00fcr eine nachhaltige Kunststoffproduktion hat sich ausgezahlt und uns zum Gewinner dieser prestigetr\u00e4chtigen Auszeichnung gemacht.","breadcrumb":{"@id":"https:\/\/www.movacolor.com\/de\/neuigkeiten\/movacolor-als-bestes-friesisches-unternehmen-2023-ausgezeichnet\/#breadcrumb"},"inLanguage":"de","potentialAction":[{"@type":"ReadAction","target":["https:\/\/www.movacolor.com\/de\/neuigkeiten\/movacolor-als-bestes-friesisches-unternehmen-2023-ausgezeichnet\/"]}]},{"@type":"ImageObject","inLanguage":"de","@id":"https:\/\/www.movacolor.com\/de\/neuigkeiten\/movacolor-als-bestes-friesisches-unternehmen-2023-ausgezeichnet\/#primaryimage","url":"https:\/\/www.movacolor.com\/wp-content\/uploads\/2023\/04\/VFOJ2023.jpg","contentUrl":"https:\/\/www.movacolor.com\/wp-content\/uploads\/2023\/04\/VFOJ2023.jpg","width":1720,"height":1146,"caption":"VFOJ2023"},{"@type":"BreadcrumbList","@id":"https:\/\/www.movacolor.com\/de\/neuigkeiten\/movacolor-als-bestes-friesisches-unternehmen-2023-ausgezeichnet\/#breadcrumb","itemListElement":[{"@type":"ListItem","position":1,"name":"Home","item":"https:\/\/www.movacolor.com\/de\/"},{"@type":"ListItem","position":2,"name":"Movacolor als bestes friesisches Unternehmen 2023 ausgezeichnet"}]},{"@type":"WebSite","@id":"https:\/\/www.movacolor.com\/de\/#website","url":"https:\/\/www.movacolor.com\/de\/","name":"Movacolor","description":"modular dosing solutions","potentialAction":[{"@type":"SearchAction","target":{"@type":"EntryPoint","urlTemplate":"https:\/\/www.movacolor.com\/de\/?s={search_term_string}"},"query-input":{"@type":"PropertyValueSpecification","valueRequired":true,"valueName":"search_term_string"}}],"inLanguage":"de"},{"@type":"Person","@id":"https:\/\/www.movacolor.com\/de\/#\/schema\/person\/e9c4c3e95265a1d091c00d4b98c5862e","name":"Johan Froentjes","image":{"@type":"ImageObject","inLanguage":"de","@id":"https:\/\/www.movacolor.com\/de\/#\/schema\/person\/image\/","url":"https:\/\/secure.gravatar.com\/avatar\/1c74751f8cd5a7e59d6145efab4036aef8dd6bcc57740a1f1a6d032d475d1dc1?s=96&d=mm&r=g","contentUrl":"https:\/\/secure.gravatar.com\/avatar\/1c74751f8cd5a7e59d6145efab4036aef8dd6bcc57740a1f1a6d032d475d1dc1?s=96&d=mm&r=g","caption":"Johan Froentjes"}}]}},"_links":{"self":[{"href":"https:\/\/www.movacolor.com\/de\/wp-json\/wp\/v2\/posts\/7056","targetHints":{"allow":["GET"]}}],"collection":[{"href":"https:\/\/www.movacolor.com\/de\/wp-json\/wp\/v2\/posts"}],"about":[{"href":"https:\/\/www.movacolor.com\/de\/wp-json\/wp\/v2\/types\/post"}],"author":[{"embeddable":true,"href":"https:\/\/www.movacolor.com\/de\/wp-json\/wp\/v2\/users\/19"}],"replies":[{"embeddable":true,"href":"https:\/\/www.movacolor.com\/de\/wp-json\/wp\/v2\/comments?post=7056"}],"version-history":[{"count":2,"href":"https:\/\/www.movacolor.com\/de\/wp-json\/wp\/v2\/posts\/7056\/revisions"}],"predecessor-version":[{"id":7058,"href":"https:\/\/www.movacolor.com\/de\/wp-json\/wp\/v2\/posts\/7056\/revisions\/7058"}],"wp:featuredmedia":[{"embeddable":true,"href":"https:\/\/www.movacolor.com\/de\/wp-json\/wp\/v2\/media\/4453"}],"wp:attachment":[{"href":"https:\/\/www.movacolor.com\/de\/wp-json\/wp\/v2\/media?parent=7056"}],"wp:term":[{"taxonomy":"category","embeddable":true,"href":"https:\/\/www.movacolor.com\/de\/wp-json\/wp\/v2\/categories?post=7056"},{"taxonomy":"post_tag","embeddable":true,"href":"https:\/\/www.movacolor.com\/de\/wp-json\/wp\/v2\/tags?post=7056"}],"curies":[{"name":"wp","href":"https:\/\/api.w.org\/{rel}","templated":true}]}}