{"id":7055,"date":"2023-06-13T14:41:35","date_gmt":"2023-06-13T12:41:35","guid":{"rendered":"https:\/\/www.movacolor.com\/movacolor-auf-der-propak-asia-2023\/"},"modified":"2023-07-18T10:05:20","modified_gmt":"2023-07-18T08:05:20","slug":"movacolor-auf-der-propak-asia-2023","status":"publish","type":"post","link":"https:\/\/www.movacolor.com\/de\/neuigkeiten\/movacolor-auf-der-propak-asia-2023\/","title":{"rendered":"Movacolor auf der ProPak Asia 2023"},"content":{"rendered":"<p>Aber wir sind nicht allein. Wir freuen uns, dass unsere gesch\u00e4tzten Vertriebspartner KAWA und Holland Colours den weiten Weg auf sich genommen haben, um an der renommierten Veranstaltung ProPak Asia teilzunehmen.<\/p>\n<p>&#8220;Wir freuen uns darauf, unsere Dosiertechnologie auf der ProPak Asia 2023 zu pr\u00e4sentieren&#8221;, sagte Marc Bosma, Marketing Manager bei Movacolor. &#8220;Unser Engagement f\u00fcr die F\u00f6rderung der Nachhaltigkeit und die Revolutionierung der Kunststoffindustrie war noch nie so gro\u00df wie heute. Wir laden alle Teilnehmer ein, unseren Stand zu besuchen und zu entdecken, wie unsere L\u00f6sungen ihre Herstellungsprozesse ver\u00e4ndern und gleichzeitig einen positiven Einfluss auf die Umwelt haben k\u00f6nnen.&#8221;<\/p>\n<p>Verpassen Sie nicht die Gelegenheit, unsere Dosierl\u00f6sungen w\u00e4hrend der Veranstaltung vom 14. bis 17. Juni an Stand B59 zu sehen.<\/p>\n","protected":false},"excerpt":{"rendered":"<p>Wir freuen uns, unsere Teilnahme an der ProPak Asia 2023 anzuk\u00fcndigen, Asiens wichtigstem Event f\u00fcr Verarbeitungs- und Verpackungstechnologie. Besuchen Sie uns vom 14. bis 17. Juni an unserem Stand B59 im Bangkok International Trade &#038; Exhibition Centre, wo wir unsere modularen Dosierl\u00f6sungen, wie die MDS 6 Balance und die MCS Regrind, vorstellen werden.  <\/p>\n","protected":false},"author":19,"featured_media":6030,"comment_status":"closed","ping_status":"closed","sticky":false,"template":"","format":"standard","meta":{"_acf_changed":false,"footnotes":""},"categories":[135],"tags":[],"class_list":["post-7055","post","type-post","status-publish","format-standard","has-post-thumbnail","hentry","category-events-de"],"acf":[],"yoast_head":"<!-- This site is optimized with the Yoast SEO plugin v26.4 - https:\/\/yoast.com\/wordpress\/plugins\/seo\/ -->\n<title>Movacolor auf der ProPak Asia 2023<\/title>\n<meta name=\"description\" content=\"Entdecken Sie modernste Dosierl\u00f6sungen auf der ProPak Asia 2023. Besuchen Sie uns am Stand B59 mit KAWA und Holland Colours.\" \/>\n<meta name=\"robots\" content=\"index, follow, max-snippet:-1, max-image-preview:large, max-video-preview:-1\" \/>\n<link rel=\"canonical\" href=\"https:\/\/www.movacolor.com\/de\/neuigkeiten\/movacolor-auf-der-propak-asia-2023\/\" \/>\n<meta property=\"og:locale\" content=\"de_DE\" \/>\n<meta property=\"og:type\" content=\"article\" \/>\n<meta property=\"og:title\" content=\"Movacolor auf der ProPak Asia 2023\" \/>\n<meta property=\"og:description\" content=\"Entdecken Sie modernste Dosierl\u00f6sungen auf der ProPak Asia 2023. Besuchen Sie uns am Stand B59 mit KAWA und Holland Colours.\" \/>\n<meta property=\"og:url\" content=\"https:\/\/www.movacolor.com\/de\/neuigkeiten\/movacolor-auf-der-propak-asia-2023\/\" \/>\n<meta property=\"og:site_name\" content=\"Movacolor\" \/>\n<meta property=\"article:published_time\" content=\"2023-06-13T12:41:35+00:00\" \/>\n<meta property=\"article:modified_time\" content=\"2023-07-18T08:05:20+00:00\" \/>\n<meta property=\"og:image\" content=\"https:\/\/www.movacolor.com\/wp-content\/uploads\/2023\/06\/Propak-Asia-article.jpg\" \/>\n\t<meta property=\"og:image:width\" content=\"1161\" \/>\n\t<meta property=\"og:image:height\" content=\"774\" \/>\n\t<meta property=\"og:image:type\" content=\"image\/jpeg\" \/>\n<meta name=\"author\" content=\"Johan Froentjes\" \/>\n<meta name=\"twitter:card\" content=\"summary_large_image\" \/>\n<meta name=\"twitter:label1\" content=\"Verfasst von\" \/>\n\t<meta name=\"twitter:data1\" content=\"Johan Froentjes\" \/>\n\t<meta name=\"twitter:label2\" content=\"Gesch\u00e4tzte Lesezeit\" \/>\n\t<meta name=\"twitter:data2\" content=\"1\u00a0Minute\" \/>\n<script type=\"application\/ld+json\" class=\"yoast-schema-graph\">{\"@context\":\"https:\/\/schema.org\",\"@graph\":[{\"@type\":\"WebPage\",\"@id\":\"https:\/\/www.movacolor.com\/de\/neuigkeiten\/movacolor-auf-der-propak-asia-2023\/\",\"url\":\"https:\/\/www.movacolor.com\/de\/neuigkeiten\/movacolor-auf-der-propak-asia-2023\/\",\"name\":\"Movacolor auf der ProPak Asia 2023\",\"isPartOf\":{\"@id\":\"https:\/\/www.movacolor.com\/de\/#website\"},\"primaryImageOfPage\":{\"@id\":\"https:\/\/www.movacolor.com\/de\/neuigkeiten\/movacolor-auf-der-propak-asia-2023\/#primaryimage\"},\"image\":{\"@id\":\"https:\/\/www.movacolor.com\/de\/neuigkeiten\/movacolor-auf-der-propak-asia-2023\/#primaryimage\"},\"thumbnailUrl\":\"https:\/\/www.movacolor.com\/wp-content\/uploads\/2023\/06\/Propak-Asia-article.jpg\",\"datePublished\":\"2023-06-13T12:41:35+00:00\",\"dateModified\":\"2023-07-18T08:05:20+00:00\",\"author\":{\"@id\":\"https:\/\/www.movacolor.com\/de\/#\/schema\/person\/e9c4c3e95265a1d091c00d4b98c5862e\"},\"description\":\"Entdecken Sie modernste Dosierl\u00f6sungen auf der ProPak Asia 2023. Besuchen Sie uns am Stand B59 mit KAWA und Holland Colours.\",\"breadcrumb\":{\"@id\":\"https:\/\/www.movacolor.com\/de\/neuigkeiten\/movacolor-auf-der-propak-asia-2023\/#breadcrumb\"},\"inLanguage\":\"de\",\"potentialAction\":[{\"@type\":\"ReadAction\",\"target\":[\"https:\/\/www.movacolor.com\/de\/neuigkeiten\/movacolor-auf-der-propak-asia-2023\/\"]}]},{\"@type\":\"ImageObject\",\"inLanguage\":\"de\",\"@id\":\"https:\/\/www.movacolor.com\/de\/neuigkeiten\/movacolor-auf-der-propak-asia-2023\/#primaryimage\",\"url\":\"https:\/\/www.movacolor.com\/wp-content\/uploads\/2023\/06\/Propak-Asia-article.jpg\",\"contentUrl\":\"https:\/\/www.movacolor.com\/wp-content\/uploads\/2023\/06\/Propak-Asia-article.jpg\",\"width\":1161,\"height\":774,\"caption\":\"propak asia 2023\"},{\"@type\":\"BreadcrumbList\",\"@id\":\"https:\/\/www.movacolor.com\/de\/neuigkeiten\/movacolor-auf-der-propak-asia-2023\/#breadcrumb\",\"itemListElement\":[{\"@type\":\"ListItem\",\"position\":1,\"name\":\"Home\",\"item\":\"https:\/\/www.movacolor.com\/de\/\"},{\"@type\":\"ListItem\",\"position\":2,\"name\":\"Movacolor auf der ProPak Asia 2023\"}]},{\"@type\":\"WebSite\",\"@id\":\"https:\/\/www.movacolor.com\/de\/#website\",\"url\":\"https:\/\/www.movacolor.com\/de\/\",\"name\":\"Movacolor\",\"description\":\"modular dosing solutions\",\"potentialAction\":[{\"@type\":\"SearchAction\",\"target\":{\"@type\":\"EntryPoint\",\"urlTemplate\":\"https:\/\/www.movacolor.com\/de\/?s={search_term_string}\"},\"query-input\":{\"@type\":\"PropertyValueSpecification\",\"valueRequired\":true,\"valueName\":\"search_term_string\"}}],\"inLanguage\":\"de\"},{\"@type\":\"Person\",\"@id\":\"https:\/\/www.movacolor.com\/de\/#\/schema\/person\/e9c4c3e95265a1d091c00d4b98c5862e\",\"name\":\"Johan Froentjes\",\"image\":{\"@type\":\"ImageObject\",\"inLanguage\":\"de\",\"@id\":\"https:\/\/www.movacolor.com\/de\/#\/schema\/person\/image\/\",\"url\":\"https:\/\/secure.gravatar.com\/avatar\/1c74751f8cd5a7e59d6145efab4036aef8dd6bcc57740a1f1a6d032d475d1dc1?s=96&d=mm&r=g\",\"contentUrl\":\"https:\/\/secure.gravatar.com\/avatar\/1c74751f8cd5a7e59d6145efab4036aef8dd6bcc57740a1f1a6d032d475d1dc1?s=96&d=mm&r=g\",\"caption\":\"Johan Froentjes\"}}]}<\/script>\n<!-- \/ Yoast SEO plugin. -->","yoast_head_json":{"title":"Movacolor auf der ProPak Asia 2023","description":"Entdecken Sie modernste Dosierl\u00f6sungen auf der ProPak Asia 2023. Besuchen Sie uns am Stand B59 mit KAWA und Holland Colours.","robots":{"index":"index","follow":"follow","max-snippet":"max-snippet:-1","max-image-preview":"max-image-preview:large","max-video-preview":"max-video-preview:-1"},"canonical":"https:\/\/www.movacolor.com\/de\/neuigkeiten\/movacolor-auf-der-propak-asia-2023\/","og_locale":"de_DE","og_type":"article","og_title":"Movacolor auf der ProPak Asia 2023","og_description":"Entdecken Sie modernste Dosierl\u00f6sungen auf der ProPak Asia 2023. Besuchen Sie uns am Stand B59 mit KAWA und Holland Colours.","og_url":"https:\/\/www.movacolor.com\/de\/neuigkeiten\/movacolor-auf-der-propak-asia-2023\/","og_site_name":"Movacolor","article_published_time":"2023-06-13T12:41:35+00:00","article_modified_time":"2023-07-18T08:05:20+00:00","og_image":[{"width":1161,"height":774,"url":"https:\/\/www.movacolor.com\/wp-content\/uploads\/2023\/06\/Propak-Asia-article.jpg","type":"image\/jpeg"}],"author":"Johan Froentjes","twitter_card":"summary_large_image","twitter_misc":{"Verfasst von":"Johan Froentjes","Gesch\u00e4tzte Lesezeit":"1\u00a0Minute"},"schema":{"@context":"https:\/\/schema.org","@graph":[{"@type":"WebPage","@id":"https:\/\/www.movacolor.com\/de\/neuigkeiten\/movacolor-auf-der-propak-asia-2023\/","url":"https:\/\/www.movacolor.com\/de\/neuigkeiten\/movacolor-auf-der-propak-asia-2023\/","name":"Movacolor auf der ProPak Asia 2023","isPartOf":{"@id":"https:\/\/www.movacolor.com\/de\/#website"},"primaryImageOfPage":{"@id":"https:\/\/www.movacolor.com\/de\/neuigkeiten\/movacolor-auf-der-propak-asia-2023\/#primaryimage"},"image":{"@id":"https:\/\/www.movacolor.com\/de\/neuigkeiten\/movacolor-auf-der-propak-asia-2023\/#primaryimage"},"thumbnailUrl":"https:\/\/www.movacolor.com\/wp-content\/uploads\/2023\/06\/Propak-Asia-article.jpg","datePublished":"2023-06-13T12:41:35+00:00","dateModified":"2023-07-18T08:05:20+00:00","author":{"@id":"https:\/\/www.movacolor.com\/de\/#\/schema\/person\/e9c4c3e95265a1d091c00d4b98c5862e"},"description":"Entdecken Sie modernste Dosierl\u00f6sungen auf der ProPak Asia 2023. Besuchen Sie uns am Stand B59 mit KAWA und Holland Colours.","breadcrumb":{"@id":"https:\/\/www.movacolor.com\/de\/neuigkeiten\/movacolor-auf-der-propak-asia-2023\/#breadcrumb"},"inLanguage":"de","potentialAction":[{"@type":"ReadAction","target":["https:\/\/www.movacolor.com\/de\/neuigkeiten\/movacolor-auf-der-propak-asia-2023\/"]}]},{"@type":"ImageObject","inLanguage":"de","@id":"https:\/\/www.movacolor.com\/de\/neuigkeiten\/movacolor-auf-der-propak-asia-2023\/#primaryimage","url":"https:\/\/www.movacolor.com\/wp-content\/uploads\/2023\/06\/Propak-Asia-article.jpg","contentUrl":"https:\/\/www.movacolor.com\/wp-content\/uploads\/2023\/06\/Propak-Asia-article.jpg","width":1161,"height":774,"caption":"propak asia 2023"},{"@type":"BreadcrumbList","@id":"https:\/\/www.movacolor.com\/de\/neuigkeiten\/movacolor-auf-der-propak-asia-2023\/#breadcrumb","itemListElement":[{"@type":"ListItem","position":1,"name":"Home","item":"https:\/\/www.movacolor.com\/de\/"},{"@type":"ListItem","position":2,"name":"Movacolor auf der ProPak Asia 2023"}]},{"@type":"WebSite","@id":"https:\/\/www.movacolor.com\/de\/#website","url":"https:\/\/www.movacolor.com\/de\/","name":"Movacolor","description":"modular dosing solutions","potentialAction":[{"@type":"SearchAction","target":{"@type":"EntryPoint","urlTemplate":"https:\/\/www.movacolor.com\/de\/?s={search_term_string}"},"query-input":{"@type":"PropertyValueSpecification","valueRequired":true,"valueName":"search_term_string"}}],"inLanguage":"de"},{"@type":"Person","@id":"https:\/\/www.movacolor.com\/de\/#\/schema\/person\/e9c4c3e95265a1d091c00d4b98c5862e","name":"Johan Froentjes","image":{"@type":"ImageObject","inLanguage":"de","@id":"https:\/\/www.movacolor.com\/de\/#\/schema\/person\/image\/","url":"https:\/\/secure.gravatar.com\/avatar\/1c74751f8cd5a7e59d6145efab4036aef8dd6bcc57740a1f1a6d032d475d1dc1?s=96&d=mm&r=g","contentUrl":"https:\/\/secure.gravatar.com\/avatar\/1c74751f8cd5a7e59d6145efab4036aef8dd6bcc57740a1f1a6d032d475d1dc1?s=96&d=mm&r=g","caption":"Johan Froentjes"}}]}},"_links":{"self":[{"href":"https:\/\/www.movacolor.com\/de\/wp-json\/wp\/v2\/posts\/7055","targetHints":{"allow":["GET"]}}],"collection":[{"href":"https:\/\/www.movacolor.com\/de\/wp-json\/wp\/v2\/posts"}],"about":[{"href":"https:\/\/www.movacolor.com\/de\/wp-json\/wp\/v2\/types\/post"}],"author":[{"embeddable":true,"href":"https:\/\/www.movacolor.com\/de\/wp-json\/wp\/v2\/users\/19"}],"replies":[{"embeddable":true,"href":"https:\/\/www.movacolor.com\/de\/wp-json\/wp\/v2\/comments?post=7055"}],"version-history":[{"count":1,"href":"https:\/\/www.movacolor.com\/de\/wp-json\/wp\/v2\/posts\/7055\/revisions"}],"predecessor-version":[{"id":7327,"href":"https:\/\/www.movacolor.com\/de\/wp-json\/wp\/v2\/posts\/7055\/revisions\/7327"}],"wp:featuredmedia":[{"embeddable":true,"href":"https:\/\/www.movacolor.com\/de\/wp-json\/wp\/v2\/media\/6030"}],"wp:attachment":[{"href":"https:\/\/www.movacolor.com\/de\/wp-json\/wp\/v2\/media?parent=7055"}],"wp:term":[{"taxonomy":"category","embeddable":true,"href":"https:\/\/www.movacolor.com\/de\/wp-json\/wp\/v2\/categories?post=7055"},{"taxonomy":"post_tag","embeddable":true,"href":"https:\/\/www.movacolor.com\/de\/wp-json\/wp\/v2\/tags?post=7055"}],"curies":[{"name":"wp","href":"https:\/\/api.w.org\/{rel}","templated":true}]}}