{"id":3444,"date":"2021-04-06T13:27:54","date_gmt":"2021-04-06T13:27:54","guid":{"rendered":"https:\/\/dev.movacolor.com\/neuer-ceo-bei-movacolor\/"},"modified":"2023-03-23T10:22:30","modified_gmt":"2023-03-23T10:22:30","slug":"neuer-ceo-bei-movacolor","status":"publish","type":"post","link":"https:\/\/www.movacolor.com\/de\/neuigkeiten\/neuer-ceo-bei-movacolor\/","title":{"rendered":"Neuer CEO bei Movacolor"},"content":{"rendered":"<p>Gerhard Dersjant f\u00e4hrt fort: \u201eMarc Aandeweg, 46, kann auf eine nachgewiesene Erfolgsbilanz als internationaler Marketing- und Vertriebsleiter bei verschiedenen weltweit t\u00e4tigen technischen Unternehmen zur\u00fcckblicken. Im Laufe seiner Karriere hat er Erfahrung in den Bereichen internationales Key-Account-Management, Produktmanagement, Unternehmensmarketing und Kommunikation gesammelt sowie Marktstrategien f\u00fcr High-Tech-Produktportfolios entwickelt. Sein Know-how und seine Expertise werden helfen, das Wachstum und die Entwicklung von Movacolor weiter voranzutreiben.\u00a0 Nachdem ich in den letzten 4 Monaten einige Zeit mit Marc verbracht habe, bin ich mehr als zuversichtlich, dass Marc die richtige Person f\u00fcr Movacolor ist, und ich werde ihn in dieser \u00dcbergangsphase voll und ganz unterst\u00fctzen.\u201c<\/p>\n<p>Marc Aandeweg f\u00fcgt hinzu:\u00a0 \u201eIch freue mich sehr, nach 13 Jahren der F\u00fchrung von Gerhard Teil der Movacolor-Familie zu werden. Ich m\u00f6chte ihm f\u00fcr seine wichtigen Beitr\u00e4ge danken und daf\u00fcr, dass er den Grundstein f\u00fcr das heutige Movacolor gelegt hat: ein weltweit f\u00fchrendes Unternehmen in der Dosierwelt. Ich freue mich darauf, mit Ihnen und all den talentierten Menschen hier bei Movacolor zusammenzuarbeiten und Movacolor gemeinsam in die Zukunft zu f\u00fchren.\u201c<\/p>\n<p>Gerhard Dersjant wird Marc Aandeweg f\u00fcr einen reibungslosen \u00dcbergang der Gesch\u00e4fte bei Movacolor unterst\u00fctzen. In seiner zuk\u00fcnftigen Rolle wird Gerhard weiterhin bei Movacolor t\u00e4tig sein und k\u00fcnftig als Mitglied des Movacolor-Aufsichtsrats agieren.<\/p>\n","protected":false},"excerpt":{"rendered":"<p>Innerhalb von Movacolor hat ein F\u00fchrungswechsel stattgefunden. Gerhard Dersjant, ehemaliger CEO Movacolor: \u201eNach 13 wundersch\u00f6nen Jahren als CEO habe ich beschlossen, etwas k\u00fcrzerzutreten.  Es ist an der Zeit, dass jemand anders die n\u00e4chste Phase von Movacolor einl\u00e4utet.  Ich freue mich, Ihnen mitteilen zu k\u00f6nnen, dass Marc Aandeweg seit dem 1. April als neuer CEO von Movacolor t\u00e4tig ist.\u201c<\/p>\n","protected":false},"author":8,"featured_media":1953,"comment_status":"closed","ping_status":"closed","sticky":false,"template":"","format":"standard","meta":{"_acf_changed":false,"footnotes":""},"categories":[134],"tags":[],"class_list":["post-3444","post","type-post","status-publish","format-standard","has-post-thumbnail","hentry","category-news-de"],"acf":[],"yoast_head":"<!-- This site is optimized with the Yoast SEO plugin v26.4 - https:\/\/yoast.com\/wordpress\/plugins\/seo\/ -->\n<title>Neuer CEO bei Movacolor - Movacolor<\/title>\n<meta name=\"robots\" content=\"index, follow, max-snippet:-1, max-image-preview:large, max-video-preview:-1\" \/>\n<link rel=\"canonical\" href=\"https:\/\/www.movacolor.com\/de\/neuigkeiten\/neuer-ceo-bei-movacolor\/\" \/>\n<meta property=\"og:locale\" content=\"de_DE\" \/>\n<meta property=\"og:type\" content=\"article\" \/>\n<meta property=\"og:title\" content=\"Neuer CEO bei Movacolor - Movacolor\" \/>\n<meta property=\"og:description\" content=\"Innerhalb von Movacolor hat ein F\u00fchrungswechsel stattgefunden. Gerhard Dersjant, ehemaliger CEO Movacolor: \u201eNach 13 wundersch\u00f6nen Jahren als CEO habe ich beschlossen, etwas k\u00fcrzerzutreten. Es ist an der Zeit, dass jemand anders die n\u00e4chste Phase von Movacolor einl\u00e4utet. Ich freue mich, Ihnen mitteilen zu k\u00f6nnen, dass Marc Aandeweg seit dem 1. April als neuer CEO von Movacolor t\u00e4tig ist.\u201c\" \/>\n<meta property=\"og:url\" content=\"https:\/\/www.movacolor.com\/de\/neuigkeiten\/neuer-ceo-bei-movacolor\/\" \/>\n<meta property=\"og:site_name\" content=\"Movacolor\" \/>\n<meta property=\"article:published_time\" content=\"2021-04-06T13:27:54+00:00\" \/>\n<meta property=\"article:modified_time\" content=\"2023-03-23T10:22:30+00:00\" \/>\n<meta property=\"og:image\" content=\"https:\/\/www.movacolor.com\/wp-content\/uploads\/2023\/02\/Marc-Aandeweg-en-Gerhard-Dersjant-590x380-1.jpg\" \/>\n\t<meta property=\"og:image:width\" content=\"590\" \/>\n\t<meta property=\"og:image:height\" content=\"380\" \/>\n\t<meta property=\"og:image:type\" content=\"image\/jpeg\" \/>\n<meta name=\"author\" content=\"Christiaan Visser\" \/>\n<meta name=\"twitter:card\" content=\"summary_large_image\" \/>\n<meta name=\"twitter:label1\" content=\"Verfasst von\" \/>\n\t<meta name=\"twitter:data1\" content=\"Christiaan Visser\" \/>\n\t<meta name=\"twitter:label2\" content=\"Gesch\u00e4tzte Lesezeit\" \/>\n\t<meta name=\"twitter:data2\" content=\"1\u00a0Minute\" \/>\n<script type=\"application\/ld+json\" class=\"yoast-schema-graph\">{\"@context\":\"https:\/\/schema.org\",\"@graph\":[{\"@type\":\"WebPage\",\"@id\":\"https:\/\/www.movacolor.com\/de\/neuigkeiten\/neuer-ceo-bei-movacolor\/\",\"url\":\"https:\/\/www.movacolor.com\/de\/neuigkeiten\/neuer-ceo-bei-movacolor\/\",\"name\":\"Neuer CEO bei Movacolor - Movacolor\",\"isPartOf\":{\"@id\":\"https:\/\/www.movacolor.com\/de\/#website\"},\"primaryImageOfPage\":{\"@id\":\"https:\/\/www.movacolor.com\/de\/neuigkeiten\/neuer-ceo-bei-movacolor\/#primaryimage\"},\"image\":{\"@id\":\"https:\/\/www.movacolor.com\/de\/neuigkeiten\/neuer-ceo-bei-movacolor\/#primaryimage\"},\"thumbnailUrl\":\"https:\/\/www.movacolor.com\/wp-content\/uploads\/2023\/02\/Marc-Aandeweg-en-Gerhard-Dersjant-590x380-1.jpg\",\"datePublished\":\"2021-04-06T13:27:54+00:00\",\"dateModified\":\"2023-03-23T10:22:30+00:00\",\"author\":{\"@id\":\"https:\/\/www.movacolor.com\/de\/#\/schema\/person\/a686bfe8e713ddd6df992689808e5ca9\"},\"breadcrumb\":{\"@id\":\"https:\/\/www.movacolor.com\/de\/neuigkeiten\/neuer-ceo-bei-movacolor\/#breadcrumb\"},\"inLanguage\":\"de\",\"potentialAction\":[{\"@type\":\"ReadAction\",\"target\":[\"https:\/\/www.movacolor.com\/de\/neuigkeiten\/neuer-ceo-bei-movacolor\/\"]}]},{\"@type\":\"ImageObject\",\"inLanguage\":\"de\",\"@id\":\"https:\/\/www.movacolor.com\/de\/neuigkeiten\/neuer-ceo-bei-movacolor\/#primaryimage\",\"url\":\"https:\/\/www.movacolor.com\/wp-content\/uploads\/2023\/02\/Marc-Aandeweg-en-Gerhard-Dersjant-590x380-1.jpg\",\"contentUrl\":\"https:\/\/www.movacolor.com\/wp-content\/uploads\/2023\/02\/Marc-Aandeweg-en-Gerhard-Dersjant-590x380-1.jpg\",\"width\":590,\"height\":380,\"caption\":\"New CEO at movacolor\"},{\"@type\":\"BreadcrumbList\",\"@id\":\"https:\/\/www.movacolor.com\/de\/neuigkeiten\/neuer-ceo-bei-movacolor\/#breadcrumb\",\"itemListElement\":[{\"@type\":\"ListItem\",\"position\":1,\"name\":\"Home\",\"item\":\"https:\/\/www.movacolor.com\/de\/\"},{\"@type\":\"ListItem\",\"position\":2,\"name\":\"Neuer CEO bei Movacolor\"}]},{\"@type\":\"WebSite\",\"@id\":\"https:\/\/www.movacolor.com\/de\/#website\",\"url\":\"https:\/\/www.movacolor.com\/de\/\",\"name\":\"Movacolor\",\"description\":\"modular dosing solutions\",\"potentialAction\":[{\"@type\":\"SearchAction\",\"target\":{\"@type\":\"EntryPoint\",\"urlTemplate\":\"https:\/\/www.movacolor.com\/de\/?s={search_term_string}\"},\"query-input\":{\"@type\":\"PropertyValueSpecification\",\"valueRequired\":true,\"valueName\":\"search_term_string\"}}],\"inLanguage\":\"de\"},{\"@type\":\"Person\",\"@id\":\"https:\/\/www.movacolor.com\/de\/#\/schema\/person\/a686bfe8e713ddd6df992689808e5ca9\",\"name\":\"Christiaan Visser\",\"image\":{\"@type\":\"ImageObject\",\"inLanguage\":\"de\",\"@id\":\"https:\/\/www.movacolor.com\/de\/#\/schema\/person\/image\/\",\"url\":\"https:\/\/secure.gravatar.com\/avatar\/eb8a04893cb1d1651fd200f006a7ee21ca996c3ab74de6e2f4d8ded887f27a84?s=96&d=mm&r=g\",\"contentUrl\":\"https:\/\/secure.gravatar.com\/avatar\/eb8a04893cb1d1651fd200f006a7ee21ca996c3ab74de6e2f4d8ded887f27a84?s=96&d=mm&r=g\",\"caption\":\"Christiaan Visser\"},\"sameAs\":[\"http:\/\/snakeware.nl\"]}]}<\/script>\n<!-- \/ Yoast SEO plugin. -->","yoast_head_json":{"title":"Neuer CEO bei Movacolor - Movacolor","robots":{"index":"index","follow":"follow","max-snippet":"max-snippet:-1","max-image-preview":"max-image-preview:large","max-video-preview":"max-video-preview:-1"},"canonical":"https:\/\/www.movacolor.com\/de\/neuigkeiten\/neuer-ceo-bei-movacolor\/","og_locale":"de_DE","og_type":"article","og_title":"Neuer CEO bei Movacolor - Movacolor","og_description":"Innerhalb von Movacolor hat ein F\u00fchrungswechsel stattgefunden. Gerhard Dersjant, ehemaliger CEO Movacolor: \u201eNach 13 wundersch\u00f6nen Jahren als CEO habe ich beschlossen, etwas k\u00fcrzerzutreten. Es ist an der Zeit, dass jemand anders die n\u00e4chste Phase von Movacolor einl\u00e4utet. Ich freue mich, Ihnen mitteilen zu k\u00f6nnen, dass Marc Aandeweg seit dem 1. April als neuer CEO von Movacolor t\u00e4tig ist.\u201c","og_url":"https:\/\/www.movacolor.com\/de\/neuigkeiten\/neuer-ceo-bei-movacolor\/","og_site_name":"Movacolor","article_published_time":"2021-04-06T13:27:54+00:00","article_modified_time":"2023-03-23T10:22:30+00:00","og_image":[{"width":590,"height":380,"url":"https:\/\/www.movacolor.com\/wp-content\/uploads\/2023\/02\/Marc-Aandeweg-en-Gerhard-Dersjant-590x380-1.jpg","type":"image\/jpeg"}],"author":"Christiaan Visser","twitter_card":"summary_large_image","twitter_misc":{"Verfasst von":"Christiaan Visser","Gesch\u00e4tzte Lesezeit":"1\u00a0Minute"},"schema":{"@context":"https:\/\/schema.org","@graph":[{"@type":"WebPage","@id":"https:\/\/www.movacolor.com\/de\/neuigkeiten\/neuer-ceo-bei-movacolor\/","url":"https:\/\/www.movacolor.com\/de\/neuigkeiten\/neuer-ceo-bei-movacolor\/","name":"Neuer CEO bei Movacolor - Movacolor","isPartOf":{"@id":"https:\/\/www.movacolor.com\/de\/#website"},"primaryImageOfPage":{"@id":"https:\/\/www.movacolor.com\/de\/neuigkeiten\/neuer-ceo-bei-movacolor\/#primaryimage"},"image":{"@id":"https:\/\/www.movacolor.com\/de\/neuigkeiten\/neuer-ceo-bei-movacolor\/#primaryimage"},"thumbnailUrl":"https:\/\/www.movacolor.com\/wp-content\/uploads\/2023\/02\/Marc-Aandeweg-en-Gerhard-Dersjant-590x380-1.jpg","datePublished":"2021-04-06T13:27:54+00:00","dateModified":"2023-03-23T10:22:30+00:00","author":{"@id":"https:\/\/www.movacolor.com\/de\/#\/schema\/person\/a686bfe8e713ddd6df992689808e5ca9"},"breadcrumb":{"@id":"https:\/\/www.movacolor.com\/de\/neuigkeiten\/neuer-ceo-bei-movacolor\/#breadcrumb"},"inLanguage":"de","potentialAction":[{"@type":"ReadAction","target":["https:\/\/www.movacolor.com\/de\/neuigkeiten\/neuer-ceo-bei-movacolor\/"]}]},{"@type":"ImageObject","inLanguage":"de","@id":"https:\/\/www.movacolor.com\/de\/neuigkeiten\/neuer-ceo-bei-movacolor\/#primaryimage","url":"https:\/\/www.movacolor.com\/wp-content\/uploads\/2023\/02\/Marc-Aandeweg-en-Gerhard-Dersjant-590x380-1.jpg","contentUrl":"https:\/\/www.movacolor.com\/wp-content\/uploads\/2023\/02\/Marc-Aandeweg-en-Gerhard-Dersjant-590x380-1.jpg","width":590,"height":380,"caption":"New CEO at movacolor"},{"@type":"BreadcrumbList","@id":"https:\/\/www.movacolor.com\/de\/neuigkeiten\/neuer-ceo-bei-movacolor\/#breadcrumb","itemListElement":[{"@type":"ListItem","position":1,"name":"Home","item":"https:\/\/www.movacolor.com\/de\/"},{"@type":"ListItem","position":2,"name":"Neuer CEO bei Movacolor"}]},{"@type":"WebSite","@id":"https:\/\/www.movacolor.com\/de\/#website","url":"https:\/\/www.movacolor.com\/de\/","name":"Movacolor","description":"modular dosing solutions","potentialAction":[{"@type":"SearchAction","target":{"@type":"EntryPoint","urlTemplate":"https:\/\/www.movacolor.com\/de\/?s={search_term_string}"},"query-input":{"@type":"PropertyValueSpecification","valueRequired":true,"valueName":"search_term_string"}}],"inLanguage":"de"},{"@type":"Person","@id":"https:\/\/www.movacolor.com\/de\/#\/schema\/person\/a686bfe8e713ddd6df992689808e5ca9","name":"Christiaan Visser","image":{"@type":"ImageObject","inLanguage":"de","@id":"https:\/\/www.movacolor.com\/de\/#\/schema\/person\/image\/","url":"https:\/\/secure.gravatar.com\/avatar\/eb8a04893cb1d1651fd200f006a7ee21ca996c3ab74de6e2f4d8ded887f27a84?s=96&d=mm&r=g","contentUrl":"https:\/\/secure.gravatar.com\/avatar\/eb8a04893cb1d1651fd200f006a7ee21ca996c3ab74de6e2f4d8ded887f27a84?s=96&d=mm&r=g","caption":"Christiaan Visser"},"sameAs":["http:\/\/snakeware.nl"]}]}},"_links":{"self":[{"href":"https:\/\/www.movacolor.com\/de\/wp-json\/wp\/v2\/posts\/3444","targetHints":{"allow":["GET"]}}],"collection":[{"href":"https:\/\/www.movacolor.com\/de\/wp-json\/wp\/v2\/posts"}],"about":[{"href":"https:\/\/www.movacolor.com\/de\/wp-json\/wp\/v2\/types\/post"}],"author":[{"embeddable":true,"href":"https:\/\/www.movacolor.com\/de\/wp-json\/wp\/v2\/users\/8"}],"replies":[{"embeddable":true,"href":"https:\/\/www.movacolor.com\/de\/wp-json\/wp\/v2\/comments?post=3444"}],"version-history":[{"count":1,"href":"https:\/\/www.movacolor.com\/de\/wp-json\/wp\/v2\/posts\/3444\/revisions"}],"predecessor-version":[{"id":3445,"href":"https:\/\/www.movacolor.com\/de\/wp-json\/wp\/v2\/posts\/3444\/revisions\/3445"}],"wp:featuredmedia":[{"embeddable":true,"href":"https:\/\/www.movacolor.com\/de\/wp-json\/wp\/v2\/media\/1953"}],"wp:attachment":[{"href":"https:\/\/www.movacolor.com\/de\/wp-json\/wp\/v2\/media?parent=3444"}],"wp:term":[{"taxonomy":"category","embeddable":true,"href":"https:\/\/www.movacolor.com\/de\/wp-json\/wp\/v2\/categories?post=3444"},{"taxonomy":"post_tag","embeddable":true,"href":"https:\/\/www.movacolor.com\/de\/wp-json\/wp\/v2\/tags?post=3444"}],"curies":[{"name":"wp","href":"https:\/\/api.w.org\/{rel}","templated":true}]}}